{"id":49547,"date":"2024-07-02T12:49:00","date_gmt":"2024-07-02T15:49:00","guid":{"rendered":"https:\/\/www.radiopresidenteibanez.cl\/web\/?p=49547"},"modified":"2024-07-02T10:38:53","modified_gmt":"2024-07-02T13:38:53","slug":"seremi-de-agricultura-anuncia-extension-dl-plazo-para-participar-en-el-concurso-nuestra-tierra-2024","status":"publish","type":"post","link":"https:\/\/www.radiopresidenteibanez.cl\/web\/seremi-de-agricultura-anuncia-extension-dl-plazo-para-participar-en-el-concurso-nuestra-tierra-2024\/","title":{"rendered":"SEREMI DE AGRICULTURA ANUNCIA EXTENSION DL PLAZO PARA PARTICIPAR EN EL CONCURSO NUESTRA TIERRA 2024"},"content":{"rendered":"\n<p>Considerando los recientes sistemas frontales que afectaron a varias regiones del pa\u00eds y con el<br>objetivo de que nadie quede fuera de la convocatoria de este a\u00f1o, el Ministerio de Agricultura<br>extendi\u00f3 hasta el 19 de julio el plazo para participar en el concurso Historias de Nuestra Tierra<br>2024, tradicional certamen organizado por la Fundaci\u00f3n de Comunicaciones, Capacitaci\u00f3n y<br>Cultura del Agro (FUCOA), que hace m\u00e1s de 30 a\u00f1os releva y difunde la cultura rural de Chile.<\/p>\n\n\n\n<p><br>As\u00ed lo inform\u00f3 el Seremi de Agricultura (s) Gabriel Zegers, director regional de Indap \u201cInvitamos a<br>que todas y todos participen del concurso Historias de Nuestra Tierra. An\u00edmense a participar a<br>trav\u00e9s de sus cuentos, poemas o dibujos, es una oportunidad donde la familia se puede entretener contando los relatos, leyendas o experiencias que inspiren las obras para ser presentadas en este concurso que todos los a\u00f1os rescata las tradiciones campesinas en todo el pa\u00eds\u201d, expres\u00f3 el Seremi. <\/p>\n\n\n\n<p>Agreg\u00f3 que se consider\u00f3 para la ampliaci\u00f3n de la convocatoria hasta el 19 de julio que<br>ni\u00f1os, ni\u00f1as, j\u00f3venes y adultos de las regiones afectadas por este invierno tengan el tiempo para<br>desarrollar sus obras y enviarlas al concurso que por lo dem\u00e1s tiene interesantes premios.<br>El certamen cuenta con tres categor\u00edas: Cuento (todo p\u00fablico), Poema (todo p\u00fablico) y Dibujo<br>(alumnos de ense\u00f1anza b\u00e1sica y media). Las categor\u00edas de Cuento y Poema cuentan con premios<br>nacionales y regionales, mientras que los premios para la categor\u00eda de Dibujo son nacionales. Con la sola participaci\u00f3n en el concurso, autom\u00e1ticamente se postula a los premios especiales<br>\u201cPueblos originarios\u201d, \u201cCocina Tradicional\u201d, \u201cProfesor rural\u201d, \u201cA la trayectoria\u201d, \u201cMujer rural\u201d,<br>\u201cTalento Joven\u201d y \u201cMito y Leyenda\u201d.<br>Entre los premios para ni\u00f1os, ni\u00f1as y j\u00f3venes habr\u00e1 notebooks, tablets, bicicletas y sets de<br>escritura. En tanto, las y los adultos ganadores recibir\u00e1n hasta medio mill\u00f3n de pesos. Asimismo,<br>se entregar\u00e1n premios especiales a aquellos docentes que promuevan la participaci\u00f3n de sus<br>estudiantes en la categor\u00eda Cuento, as\u00ed como a los establecimientos educacionales con mayor<br>participaci\u00f3n. Por otro lado, cabe destacar que FUCOA anualmente edita el libro Antolog\u00eda, que<br>incluye todos los trabajos ganadores de cada versi\u00f3n de Historias de Nuestra Tierra.<br>Las obras pueden ser enviadas a trav\u00e9s del sitio web www.historiasdenuestratierra.cl, donde est\u00e1n disponibles las bases del concurso, adem\u00e1s de los resultados anteriores, la galer\u00eda de ganadores, material educativo y m\u00e1s informaci\u00f3n.<\/p>\n","protected":false},"excerpt":{"rendered":"<p>Considerando los recientes sistemas frontales que afectaron a varias regiones del pa\u00eds y con elobjetivo de que nadie quede fuera de la convocatoria de este a\u00f1o, el Ministerio de Agriculturaextendi\u00f3&#8230; <a class=\"read-more\" href=\"https:\/\/www.radiopresidenteibanez.cl\/web\/seremi-de-agricultura-anuncia-extension-dl-plazo-para-participar-en-el-concurso-nuestra-tierra-2024\/\">Leer m\u00e1s<\/a><\/p>\n","protected":false},"author":2,"featured_media":49548,"comment_status":"closed","ping_status":"closed","sticky":false,"template":"","format":"standard","meta":{"footnotes":""},"categories":[1],"tags":[],"class_list":["post-49547","post","type-post","status-publish","format-standard","has-post-thumbnail","hentry","category-cronica"],"_links":{"self":[{"href":"https:\/\/www.radiopresidenteibanez.cl\/web\/wp-json\/wp\/v2\/posts\/49547","targetHints":{"allow":["GET"]}}],"collection":[{"href":"https:\/\/www.radiopresidenteibanez.cl\/web\/wp-json\/wp\/v2\/posts"}],"about":[{"href":"https:\/\/www.radiopresidenteibanez.cl\/web\/wp-json\/wp\/v2\/types\/post"}],"author":[{"embeddable":true,"href":"https:\/\/www.radiopresidenteibanez.cl\/web\/wp-json\/wp\/v2\/users\/2"}],"replies":[{"embeddable":true,"href":"https:\/\/www.radiopresidenteibanez.cl\/web\/wp-json\/wp\/v2\/comments?post=49547"}],"version-history":[{"count":0,"href":"https:\/\/www.radiopresidenteibanez.cl\/web\/wp-json\/wp\/v2\/posts\/49547\/revisions"}],"wp:featuredmedia":[{"embeddable":true,"href":"https:\/\/www.radiopresidenteibanez.cl\/web\/wp-json\/wp\/v2\/media\/49548"}],"wp:attachment":[{"href":"https:\/\/www.radiopresidenteibanez.cl\/web\/wp-json\/wp\/v2\/media?parent=49547"}],"wp:term":[{"taxonomy":"category","embeddable":true,"href":"https:\/\/www.radiopresidenteibanez.cl\/web\/wp-json\/wp\/v2\/categories?post=49547"},{"taxonomy":"post_tag","embeddable":true,"href":"https:\/\/www.radiopresidenteibanez.cl\/web\/wp-json\/wp\/v2\/tags?post=49547"}],"curies":[{"name":"wp","href":"https:\/\/api.w.org\/{rel}","templated":true}]}}