{"id":49533,"date":"2024-07-02T08:30:55","date_gmt":"2024-07-02T11:30:55","guid":{"rendered":"https:\/\/www.radiopresidenteibanez.cl\/web\/?p=49533"},"modified":"2024-07-02T08:31:01","modified_gmt":"2024-07-02T11:31:01","slug":"minvu-informo-las-gestiones-para-dar-soluciones-concretas-en-vista-monte-tarn","status":"publish","type":"post","link":"https:\/\/www.radiopresidenteibanez.cl\/web\/minvu-informo-las-gestiones-para-dar-soluciones-concretas-en-vista-monte-tarn\/","title":{"rendered":"MINVU INFORMO LAS GESTIONES PARA DAR SOLUCIONES CONCRETAS EN VISTA MONTE TARN"},"content":{"rendered":"\n<p>Esta tarde el seremi de Vivienda y Urbanismo,&nbsp;<strong>Marco Uribe Saldivia<\/strong>, y el director (s) del Serviu Magallanes,&nbsp;<strong>Omar Gonz\u00e1lez Asenjo<\/strong>, se reunieron con familias del conjunto habitacional Vista Monte Tarn, para informar las gestiones realizadas para abordar las roturas de algunos artefactos producto de la emergencia clim\u00e1tica por bajas temperaturas.<\/p>\n\n\n\n<p>La reuni\u00f3n tuvo lugar en la sala multiuso del conjunto y participaron representantes de cada uno de los seis edificios, que en total suman 120 viviendas, adem\u00e1s de profesionales de la constructora Salfa Austral.<\/p>\n\n\n\n<p>\u201cAcabamos de tener una reuni\u00f3n con las familias representantes de cada uno de los edificios del Condominio Vista Monte Tarn, para informarles los trabajos que hemos hecho desde la madrugada del s\u00e1bado para dar soluci\u00f3n a esta emergencia. Estamos en total coordinaci\u00f3n con ellas y la empresa constructora, a fin de dar certezas de que habr\u00e1 un trabajo bien realizado\u201d, afirm\u00f3 el seremi Minvu, Marco Uribe.<\/p>\n\n\n\n<p>La urgencia se gener\u00f3 el s\u00e1bado en la madrugada en cuatro viviendas. Producto de las bajas temperaturas, se congelaron piezas internas de cuatro calefones. Esto provoc\u00f3 que se rompieran, causando el escurrimiento de agua en un total de 30 departamentos de pisos inferiores, que resultaron con diversos grados de afectaci\u00f3n.<\/p>\n\n\n\n<p>\u201cEn el catastro realizado por la empresa, junto con los equipos t\u00e9cnicos y sociales del Minvu, se identific\u00f3 que la p\u00e9rdida de agua se origin\u00f3 por la rotura de algunos calefones, ubicados en los pisos superiores de los edificios C, D, E y F del condominio, producto de las bajas temperaturas sostenidas y cambios de presi\u00f3n ocasionados por cortes de suministro de agua en la ciudad\u201d, explic\u00f3 el director (s) del Serviu.<\/p>\n\n\n\n<p>Tras realizar un catastro de da\u00f1os junto con las familias y la empresa, se inform\u00f3 que se retiraron ocho calefones con rotura de piezas y se cambiar\u00e1 el cubrepiso y guardapolvos de todas las viviendas afectadas por el agua. \u201cDos de los propietarios que estaban en proceso de mudanza sufrieron da\u00f1os en sus enseres, los que ya se encuentran en proceso de compra por parte de la empresa para su reposici\u00f3n. Esos mismos moradores fueron ubicados en un hotel, mientras se instalan los nuevos artefactos y cubrepisos\u201d, agreg\u00f3 el titular del Serviu.<\/p>\n\n\n\n<p>\u201cEstamos desde el s\u00e1bado con cuadrillas de emergencia. Atendimos primero la urgencia que era detener el flujo de agua en los departamentos que hab\u00edan tenido filtraciones o roturas producto del congelamiento de las l\u00edneas. Algo muy parecido a lo que ha pasado en Punta Arena estos d\u00edas. Posterior a eso, lo principal fue limpiar y estamos atendiendo las urgencias, tanto de agua como de calefacci\u00f3n, para que los departamentos permanezcan a una temperatura adecuada, cosa que no se repita la situaci\u00f3n del fin de semana\u201d, se\u00f1al\u00f3&nbsp;<strong>Crist\u00f3bal Bascu\u00f1\u00e1n<\/strong>, gerente de la Constructora Salfa.<\/p>\n\n\n\n<p>\u201cNos informaron que se les va a dar prioridad a los calentadores para que todas las viviendas tengan calefacci\u00f3n. Se van a cambiar planchas, todos los enseres que fueron da\u00f1ados se van a reponer, se est\u00e1n cambiando alfombras y en este momento los gasfiter est\u00e1n trabajando. Los vecinos obviamente est\u00e1n impacientes, pero dentro de todo est\u00e1n tranquilos\u201d, coment\u00f3&nbsp;<strong>Gloria S\u00e1nchez<\/strong>, secretaria de la agrupaci\u00f3n Vista Monte Tarn.<\/p>\n\n\n\n<p>Al adquirir una vivienda se cuenta con un periodo de post venta para atender de forma inmediata desperfectos. Adem\u00e1s, hay garant\u00edas que establece la Ley General de Urbanismo y Construcciones, cuyos plazos son de 3, 5 y 10 a\u00f1os dependiendo del tipo de da\u00f1os registrados.<\/p>\n","protected":false},"excerpt":{"rendered":"<p>Esta tarde el seremi de Vivienda y Urbanismo,&nbsp;Marco Uribe Saldivia, y el director (s) del Serviu Magallanes,&nbsp;Omar Gonz\u00e1lez Asenjo, se reunieron con familias del conjunto habitacional Vista Monte Tarn, para&#8230; <a class=\"read-more\" href=\"https:\/\/www.radiopresidenteibanez.cl\/web\/minvu-informo-las-gestiones-para-dar-soluciones-concretas-en-vista-monte-tarn\/\">Leer m\u00e1s<\/a><\/p>\n","protected":false},"author":2,"featured_media":49534,"comment_status":"closed","ping_status":"closed","sticky":false,"template":"","format":"standard","meta":{"footnotes":""},"categories":[1],"tags":[],"class_list":["post-49533","post","type-post","status-publish","format-standard","has-post-thumbnail","hentry","category-cronica"],"_links":{"self":[{"href":"https:\/\/www.radiopresidenteibanez.cl\/web\/wp-json\/wp\/v2\/posts\/49533","targetHints":{"allow":["GET"]}}],"collection":[{"href":"https:\/\/www.radiopresidenteibanez.cl\/web\/wp-json\/wp\/v2\/posts"}],"about":[{"href":"https:\/\/www.radiopresidenteibanez.cl\/web\/wp-json\/wp\/v2\/types\/post"}],"author":[{"embeddable":true,"href":"https:\/\/www.radiopresidenteibanez.cl\/web\/wp-json\/wp\/v2\/users\/2"}],"replies":[{"embeddable":true,"href":"https:\/\/www.radiopresidenteibanez.cl\/web\/wp-json\/wp\/v2\/comments?post=49533"}],"version-history":[{"count":0,"href":"https:\/\/www.radiopresidenteibanez.cl\/web\/wp-json\/wp\/v2\/posts\/49533\/revisions"}],"wp:featuredmedia":[{"embeddable":true,"href":"https:\/\/www.radiopresidenteibanez.cl\/web\/wp-json\/wp\/v2\/media\/49534"}],"wp:attachment":[{"href":"https:\/\/www.radiopresidenteibanez.cl\/web\/wp-json\/wp\/v2\/media?parent=49533"}],"wp:term":[{"taxonomy":"category","embeddable":true,"href":"https:\/\/www.radiopresidenteibanez.cl\/web\/wp-json\/wp\/v2\/categories?post=49533"},{"taxonomy":"post_tag","embeddable":true,"href":"https:\/\/www.radiopresidenteibanez.cl\/web\/wp-json\/wp\/v2\/tags?post=49533"}],"curies":[{"name":"wp","href":"https:\/\/api.w.org\/{rel}","templated":true}]}}