{"id":49526,"date":"2024-07-01T17:11:00","date_gmt":"2024-07-01T20:11:00","guid":{"rendered":"https:\/\/www.radiopresidenteibanez.cl\/web\/?p=49526"},"modified":"2024-07-01T15:13:50","modified_gmt":"2024-07-01T18:13:50","slug":"exigencia-urgente-para-mejorar-la-seguridad-vial-en-la-ruta-9-y-rutas-de-la-provincia-de-ultima-esperanza","status":"publish","type":"post","link":"https:\/\/www.radiopresidenteibanez.cl\/web\/exigencia-urgente-para-mejorar-la-seguridad-vial-en-la-ruta-9-y-rutas-de-la-provincia-de-ultima-esperanza\/","title":{"rendered":"EXIGENCIA URGENTE PARA MEJORAR LA SEGURIDAD VIAL EN LA RUTA 9 Y RUTAS DE LA PROVINCIA DE \u00daLTIMA ESPERANZA"},"content":{"rendered":"\n<p>La C\u00e1mara de Turismo de \u00daltima Esperanza expres\u00f3 la gran preocupaci\u00f3n por las condiciones de la ruta que une a Puerto Natales con la capital regional y pide a las autoridades no descuidar ning\u00fan d\u00eda y ning\u00fan tramo, ya que el fin de semana reci\u00e9n pasado y este lunes no se ha visto un refuerzo relevante para mejorar las rutas; hay varios casos de veh\u00edculos que se han salido de la pista, otros veh\u00edculos &nbsp;que han quedado en medio de la ruta sin poder avanzar y se han producido accidentes porque las condiciones clim\u00e1ticas hacen que la ruta no est\u00e9 en buenas condiciones.<\/p>\n\n\n\n<p>La comunidad de Puerto Natales se encuentra profundamente preocupada por la seguridad vial en la Ruta 9 y las rutas de la Provincia de \u00daltima Esperanza. Los hechos recientes han demostrado que las medidas actuales no son suficientes para garantizar la seguridad de todos los usuarios de estas v\u00edas.<\/p>\n\n\n\n<p>El gremio de \u00daltima Esperanza hace un llamado urgente para que se aplique sal en toda la Ruta 9 y en las rutas de la Provincia de \u00daltima Esperanza, sin excluir las rectas. Esta solicitud no solo busca mantener las condiciones de seguridad vial adecuadas, sino tambi\u00e9n reforzar la aplicaci\u00f3n de sal en \u00e1reas cr\u00edticas como curvas, pendientes y zonas donde el sol no incide normalmente, las cuales son particularmente peligrosas durante las condiciones clim\u00e1ticas adversas.<\/p>\n\n\n\n<p>Entendemos y apreciamos el esfuerzo continuo por parte de las autoridades y los operarios en el mantenimiento de estas rutas. Sin embargo, es fundamental que tomemos todas las precauciones adicionales posibles para proteger a todos los que transitan por estas v\u00edas. La seguridad y el bienestar de nuestra comunidad deben ser la m\u00e1xima prioridad. Cada vida y cada miembro de nuestra comunidad son invaluables, y no podemos permitirnos perder m\u00e1s debido a accidentes evitables.<\/p>\n\n\n\n<p>Adriana Aguilar, gerente de la C\u00e1mara de Turismo de \u00daltima Esperanza, expres\u00f3: \u00abLa seguridad de nuestros habitantes y visitantes es primordial. La aplicaci\u00f3n de sal en toda la ruta y el refuerzo en las \u00e1reas cr\u00edticas no solo proteger\u00e1 vidas, sino que tambi\u00e9n asegurar\u00e1 que el turismo, una parte vital de nuestra econom\u00eda, pueda continuar de manera segura incluso en condiciones clim\u00e1ticas adversas.\u00bb<\/p>\n\n\n\n<p>La comunidad lo exige por la seguridad de todos, no solo de los visitantes, sino de todos los que habitan y transitan todo el a\u00f1o por las rutas y caminos de la regi\u00f3n.<\/p>\n\n\n\n<p>Adem\u00e1s, queremos reforzar la importancia del autocuidado y el manejo a la defensiva entre los conductores. Es esencial que todos los usuarios de estas rutas conduzcan con precauci\u00f3n, utilicen cadenas o clavos cuando sea necesario y mantengan una velocidad segura.<\/p>\n\n\n\n<p>En complemento a estas solicitudes, el gremio de \u00daltima Esperanza hace un llamado urgente a la Delegada Presidencial Provincial para que, a trav\u00e9s de COGRID, se emita un Informe Alfa que abarque tanto a Natales como a Torres del Paine. Este informe es crucial para recopilar antecedentes y evaluar las necesidades de la poblaci\u00f3n afectada por las bajas temperaturas, permitiendo la adquisici\u00f3n de los recursos y maquinaria necesarios para enfrentar la ola polar, de acuerdo con el Plan Nacional de Emergencia.<\/p>\n\n\n\n<p><strong>\u00bfQu\u00e9 es el Informe Alfa?<\/strong><\/p>\n\n\n\n<p>El Informe Alfa es una herramienta fundamental que elaboran las autoridades locales una vez que ocurre una emergencia, desastre o cat\u00e1strofe. Su prop\u00f3sito es evaluar los da\u00f1os y necesidades de la poblaci\u00f3n afectada, permitiendo la identificaci\u00f3n del evento destructivo y la evaluaci\u00f3n detallada de los requerimientos.<\/p>\n\n\n\n<p>Solicitamos al SEREMI de Obras P\u00fablicas y todas las autoridades regionales que consideren esta petici\u00f3n con la urgencia que amerita, y se implemente de manera inmediata la aplicaci\u00f3n de sal en toda la Ruta 9 y en las rutas de la Provincia de \u00daltima Esperanza para prevenir futuros incidentes.<\/p>\n","protected":false},"excerpt":{"rendered":"<p>La C\u00e1mara de Turismo de \u00daltima Esperanza expres\u00f3 la gran preocupaci\u00f3n por las condiciones de la ruta que une a Puerto Natales con la capital regional y pide a las&#8230; <a class=\"read-more\" href=\"https:\/\/www.radiopresidenteibanez.cl\/web\/exigencia-urgente-para-mejorar-la-seguridad-vial-en-la-ruta-9-y-rutas-de-la-provincia-de-ultima-esperanza\/\">Leer m\u00e1s<\/a><\/p>\n","protected":false},"author":2,"featured_media":49527,"comment_status":"closed","ping_status":"closed","sticky":false,"template":"","format":"standard","meta":{"footnotes":""},"categories":[1],"tags":[],"class_list":["post-49526","post","type-post","status-publish","format-standard","has-post-thumbnail","hentry","category-cronica"],"_links":{"self":[{"href":"https:\/\/www.radiopresidenteibanez.cl\/web\/wp-json\/wp\/v2\/posts\/49526","targetHints":{"allow":["GET"]}}],"collection":[{"href":"https:\/\/www.radiopresidenteibanez.cl\/web\/wp-json\/wp\/v2\/posts"}],"about":[{"href":"https:\/\/www.radiopresidenteibanez.cl\/web\/wp-json\/wp\/v2\/types\/post"}],"author":[{"embeddable":true,"href":"https:\/\/www.radiopresidenteibanez.cl\/web\/wp-json\/wp\/v2\/users\/2"}],"replies":[{"embeddable":true,"href":"https:\/\/www.radiopresidenteibanez.cl\/web\/wp-json\/wp\/v2\/comments?post=49526"}],"version-history":[{"count":0,"href":"https:\/\/www.radiopresidenteibanez.cl\/web\/wp-json\/wp\/v2\/posts\/49526\/revisions"}],"wp:featuredmedia":[{"embeddable":true,"href":"https:\/\/www.radiopresidenteibanez.cl\/web\/wp-json\/wp\/v2\/media\/49527"}],"wp:attachment":[{"href":"https:\/\/www.radiopresidenteibanez.cl\/web\/wp-json\/wp\/v2\/media?parent=49526"}],"wp:term":[{"taxonomy":"category","embeddable":true,"href":"https:\/\/www.radiopresidenteibanez.cl\/web\/wp-json\/wp\/v2\/categories?post=49526"},{"taxonomy":"post_tag","embeddable":true,"href":"https:\/\/www.radiopresidenteibanez.cl\/web\/wp-json\/wp\/v2\/tags?post=49526"}],"curies":[{"name":"wp","href":"https:\/\/api.w.org\/{rel}","templated":true}]}}