{"id":49520,"date":"2024-07-01T15:46:00","date_gmt":"2024-07-01T18:46:00","guid":{"rendered":"https:\/\/www.radiopresidenteibanez.cl\/web\/?p=49520"},"modified":"2024-07-01T14:53:51","modified_gmt":"2024-07-01T17:53:51","slug":"seremi-de-energia-visita-a-becados-del-curso-de-fortalecimiento-de-aprendizaje-en-el-area-de-electricidad","status":"publish","type":"post","link":"https:\/\/www.radiopresidenteibanez.cl\/web\/seremi-de-energia-visita-a-becados-del-curso-de-fortalecimiento-de-aprendizaje-en-el-area-de-electricidad\/","title":{"rendered":"SEREMI DE ENERGIA VISITA A BECADOS DEL CURSO DE FORTALECIMIENTO DE APRENDIZAJE EN EL AREA DE ELECTRICIDAD"},"content":{"rendered":"\n<p>Esta&nbsp;fin de semana, el seremi de Energ\u00eda de Magallanes, Sergio Cuiti\u00f1o, lleg\u00f3 hasta las aulas de Inacap para visitar a los becados del curso de Fortalecimiento de aprendizajes para egresados de Liceos T\u00e9cnico Profesionales de las especialidades de Electricidad, Electromec\u00e1nica y Electr\u00f3nica.<\/p>\n\n\n\n<p>Acompa\u00f1ado por la Vicerrectora de sede de la instituci\u00f3n de educaci\u00f3n superior, Laura \u00c1lvarez, el titular regional de Energ\u00eda ingres\u00f3 a los laboratorios donde los estudiantes perfeccionan sus conocimientos.<\/p>\n\n\n\n<p>En la oportunidad, Cuiti\u00f1o aplaudi\u00f3 la perseverancia de los becados, con quienes tambi\u00e9n convers\u00f3 sobre los progresos que a la fecha han conseguido y c\u00f3mo proyectan su futuro tras finalizar el curso.<\/p>\n\n\n\n<p><strong>ACTUALIZACI\u00d3N DE CONOCIMIENTOS<\/strong><\/p>\n\n\n\n<p>En este sentido la autoridad regional de Energ\u00eda destac\u00f3 el trabajo conjunto entre Chile Valora, Inacap y la Agencia de Sostenibilidad Energ\u00e9tica, \u201clo cual ha permitido actualizar las competencias de hombres y mujeres que hoy est\u00e1n aprovechando esta oportunidad para ingresar con conocimientos actualizados al campo laboral del sector energ\u00e9tico, acceder a una mejor remuneraci\u00f3n y, por cierto, aportar al desarrollo de Magallanes\u201d, dijo el seremi Cuiti\u00f1o.<\/p>\n\n\n\n<p>\u201cQue hoy tengamos a una treintena de estudiantes becados, perfeccionando sus conocimientos en instalaciones de alto nivel t\u00e9cnico, es fruto del trabajo conjunto entre el Ministerio de Energ\u00eda, Inacap, la Agencia de Sostenibilidad Energ\u00e9tica (AgenciaSE) y Chile Valora; esto es, sin duda, muy gratificante\u201d precis\u00f3 Cuiti\u00f1o agregando que \u201cen esta visita quisimos felicitar el esfuerzo de los estudiantes; decirles que su pr\u00f3ximo logro ser\u00e1 motivo de orgullo no s\u00f3lo para ustedes, sino adem\u00e1s, para sus familia y amigos\u201d, subray\u00f3 Cuiti\u00f1o.<\/p>\n\n\n\n<p>Por su parte, Samuel Z\u00fa\u00f1iga, becado del curso de Fortalecimiento de Competencias agradeci\u00f3 al Ministerio de Energ\u00eda y a Inacap la posibilidad de realizar el curso durante varias semanas.<\/p>\n\n\n\n<p>\u201cEstoy terminando el curso que me ha ofrecido el Ministerio de Energ\u00eda en colaboraci\u00f3n con Inacap. Junto a mis compa\u00f1eros hemos estado aprendiendo contenidos b\u00e1sicos de electricidad y esperamos con ansias terminarlo, certificarnos y as\u00ed poder incorporarnos al mercado laboral\u201d, cont\u00f3 Z\u00fa\u00f1iga.&nbsp;<\/p>\n\n\n\n<p>El curso consta de 80 horas te\u00f3rico\/pr\u00e1cticas en modalidad B-Learning, benefici\u00f3 a 40 personas para que cursen esta experiencia de aprendizaje de manera gratuita.<\/p>\n\n\n\n<p>Paralelamente, todos los aprobados del curso podr\u00e1n rendir gratuitamente el proceso de evaluaci\u00f3n y certificaci\u00f3n de competencias laborales para la obtenci\u00f3n de licencia habilitante SEC Clase D, todo gestionado por INACAP.<\/p>\n","protected":false},"excerpt":{"rendered":"<p>Esta&nbsp;fin de semana, el seremi de Energ\u00eda de Magallanes, Sergio Cuiti\u00f1o, lleg\u00f3 hasta las aulas de Inacap para visitar a los becados del curso de Fortalecimiento de aprendizajes para egresados&#8230; <a class=\"read-more\" href=\"https:\/\/www.radiopresidenteibanez.cl\/web\/seremi-de-energia-visita-a-becados-del-curso-de-fortalecimiento-de-aprendizaje-en-el-area-de-electricidad\/\">Leer m\u00e1s<\/a><\/p>\n","protected":false},"author":2,"featured_media":49521,"comment_status":"closed","ping_status":"closed","sticky":false,"template":"","format":"standard","meta":{"footnotes":""},"categories":[1],"tags":[],"class_list":["post-49520","post","type-post","status-publish","format-standard","has-post-thumbnail","hentry","category-cronica"],"_links":{"self":[{"href":"https:\/\/www.radiopresidenteibanez.cl\/web\/wp-json\/wp\/v2\/posts\/49520","targetHints":{"allow":["GET"]}}],"collection":[{"href":"https:\/\/www.radiopresidenteibanez.cl\/web\/wp-json\/wp\/v2\/posts"}],"about":[{"href":"https:\/\/www.radiopresidenteibanez.cl\/web\/wp-json\/wp\/v2\/types\/post"}],"author":[{"embeddable":true,"href":"https:\/\/www.radiopresidenteibanez.cl\/web\/wp-json\/wp\/v2\/users\/2"}],"replies":[{"embeddable":true,"href":"https:\/\/www.radiopresidenteibanez.cl\/web\/wp-json\/wp\/v2\/comments?post=49520"}],"version-history":[{"count":0,"href":"https:\/\/www.radiopresidenteibanez.cl\/web\/wp-json\/wp\/v2\/posts\/49520\/revisions"}],"wp:featuredmedia":[{"embeddable":true,"href":"https:\/\/www.radiopresidenteibanez.cl\/web\/wp-json\/wp\/v2\/media\/49521"}],"wp:attachment":[{"href":"https:\/\/www.radiopresidenteibanez.cl\/web\/wp-json\/wp\/v2\/media?parent=49520"}],"wp:term":[{"taxonomy":"category","embeddable":true,"href":"https:\/\/www.radiopresidenteibanez.cl\/web\/wp-json\/wp\/v2\/categories?post=49520"},{"taxonomy":"post_tag","embeddable":true,"href":"https:\/\/www.radiopresidenteibanez.cl\/web\/wp-json\/wp\/v2\/tags?post=49520"}],"curies":[{"name":"wp","href":"https:\/\/api.w.org\/{rel}","templated":true}]}}