{"id":49419,"date":"2024-06-27T11:47:00","date_gmt":"2024-06-27T14:47:00","guid":{"rendered":"https:\/\/www.radiopresidenteibanez.cl\/web\/?p=49419"},"modified":"2024-06-27T10:50:52","modified_gmt":"2024-06-27T13:50:52","slug":"servicios-publicos-buscan-nivelar-estandar-de-atencion-a-personas-lgbtqia","status":"publish","type":"post","link":"https:\/\/www.radiopresidenteibanez.cl\/web\/servicios-publicos-buscan-nivelar-estandar-de-atencion-a-personas-lgbtqia\/","title":{"rendered":"SERVICIOS PUBLICOS BUSCAN NIVELAR ESTANDAR DE ATENCION A PERSONAS LGBTQIA+"},"content":{"rendered":"\n<p>En el marco del Mes del Orgullo, la<br>SEREMI de la Mujer y la Equidad de G\u00e9nero de Magallanes en colaboraci\u00f3n con la<br>Delegaci\u00f3n Presidencial Regional, organiz\u00f3 con \u00e9xito la capacitaci\u00f3n titulada \u00abEstrategias<br>para la Inclusi\u00f3n de la Diversidad Sexual y de G\u00e9nero\u00bb. El evento, realizado este martes<br>en dependencias del MOP Magallanes, tuvo como objetivo fundamental fortalecer el<br>compromiso institucional hacia la igualdad y el respeto a las diversidades en los servicios<br>p\u00fablicos.<br>La jornada formativa reuni\u00f3 a un grupo significativo del funcionariado interesado en<br>mejorar sus competencias en temas de inclusi\u00f3n. Expertos de la Corporaci\u00f3n Liberando<br>Colores, encabezados por Rodrigo Llanos, presidente de la organizaci\u00f3n, dirigieron la<br>capacitaci\u00f3n, enfoc\u00e1ndose en proporcionar herramientas pr\u00e1cticas para promover<br>ambientes m\u00e1s inclusivos y seguros en las instituciones gubernamentales.<br>\u00abImplementar programas donde podamos entregar capacitaci\u00f3n sobre materia de<br>inclusi\u00f3n tiene un impacto directo en la calidad del servicio que se est\u00e1 ofreciendo a la<br>poblaci\u00f3n. Una persona capacitada siempre va a tener las mejores herramientas para<br>responder a las necesidades espec\u00edficas de la comunidad, creando espacios seguros<br>para todas las personas.\u00bb declar\u00f3 Rodrigo Llanos.<br>Hans Oyarzo, psic\u00f3logo de la organizaci\u00f3n, destac\u00f3 durante su intervenci\u00f3n la<br>importancia de abordar los desaf\u00edos de salud mental que enfrenta la comunidad<br>LGBTQIA+, subrayando la necesidad urgente de sensibilizar y educar a los funcionarios<br>p\u00fablicos sobre las realidades y las barreras que enfrentan las personas LGBTQIA+ en su<br>acceso a servicios b\u00e1sicos y derechos fundamentales: \u201ces importante reconocer y abordar<br>los m\u00faltiples estresores sociales que afectan a esta comunidad, tales como la<br>discriminaci\u00f3n, el rechazo y la necesidad de ocultar su identidad\u201d manifest\u00f3.<br>En la jornada, la SEREMI de la Mujer y la Equidad de G\u00e9nero de Magallanes Alejandra<br>Ruiz Ovando, present\u00f3 los avances y desaf\u00edos de la Agenda de G\u00e9nero del Ministerio,<br>resaltando la importancia de integrar enfoques inclusivos en todas las pol\u00edticas p\u00fablicas:<br>\u00abEsta capacitaci\u00f3n es un paso crucial hacia la construcci\u00f3n de un servicio p\u00fablico que<br>garantice la igualdad de trato y el respeto a las diversidades. Es fundamental para<br>avanzar hacia una sociedad m\u00e1s justa y equitativa\u00bb.<\/p>\n\n\n\n<p>El evento se enmarca dentro de los Compromisos de G\u00e9nero 2022-2026 de la SEREMI<br>junto a la Delegaci\u00f3n Presidencial Regional de Magallanes y la Ant\u00e1rtica Chilena, los<br>cuales est\u00e1n alineados con los est\u00e1ndares internacionales de derechos. La iniciativa<br>subraya el compromiso del Gobierno del Presidente Gabriel Boric con la promoci\u00f3n de<br>una cultura organizacional inclusiva y el fortalecimiento de capacidades para la atenci\u00f3n<br>de todas las personas, sin distinci\u00f3n de identidad de g\u00e9nero u orientaci\u00f3n sexual.<br>Jessica Huilli Bahamonde, profesional de la Unidad de Gabinete de la Delegaci\u00f3n<br>Provincial Ant\u00e1rtica, particip\u00f3 de manera virtual en la instancia, y destac\u00f3 la relevancia de<br>estas capacitaciones para promover un enfoque de respeto y de derechos humanos en el<br>trato: \u00abEs crucial que como funcionarios estemos en constantes capacitaciones en materia<br>de inclusi\u00f3n. Debemos reconocer y respetar las diversas identidades y expresiones de<br>g\u00e9nero, y no solo en el \u00e1mbito laboral sino en toda la sociedad\u201d, se\u00f1al\u00f3.<br>Cabe se\u00f1alar que la Corte Interamericana de Derechos Humanos, CIDH, detall\u00f3 que los<br>\u00faltimos 2 a\u00f1os en Chile ha aumentado considerablemente las violencias y<br>discriminaciones hacia las personas LGBTIQ+. El MOVILH destaca tambi\u00e9n que el a\u00f1o<br>2023 pasar\u00e1 a la historia como uno de los peores a\u00f1os para los derechos humanos de las<br>personas de las diversidades sexo-gen\u00e9ricas, por lo que \u201cestas instancias son<br>tremendamente necesarias para la erradicaci\u00f3n de las violencias\u201d, declar\u00f3 Huilli.<br>Corporaci\u00f3n Liberando Colores<br>Liberando Colores nace en diciembre del 2022 desde la necesidad de m\u00e1s espacios<br>organizacionales para las diversidades sexuales y de g\u00e9nero, reconociendo las<br>vulneraciones que han tenido a lo largo de la historia tanto nacional, como regional.<br>\u201cNuestra principal misi\u00f3n es la promoci\u00f3n de DD.HH. dando especial \u00e9nfasis a las<br>diversidades sexo gen\u00e9ricas, entregando espacios de contenci\u00f3n para las personas del<br>colectivo LGBTIQA+. Adem\u00e1s, nos encargamos de entregarle herramientas y<br>conocimientos a profesionales en materia de inclusi\u00f3n y creaci\u00f3n de espacios seguros\u201d,<br>explica Rodrigo Llanos.<br>Puedes revisar m\u00e1s del trabajo de esta organizaci\u00f3n de la sociedad civil aqu\u00ed:<br>https:\/\/www.instagram.com\/liberando.colores\/.<\/p>\n","protected":false},"excerpt":{"rendered":"<p>En el marco del Mes del Orgullo, laSEREMI de la Mujer y la Equidad de G\u00e9nero de Magallanes en colaboraci\u00f3n con laDelegaci\u00f3n Presidencial Regional, organiz\u00f3 con \u00e9xito la capacitaci\u00f3n titulada&#8230; <a class=\"read-more\" href=\"https:\/\/www.radiopresidenteibanez.cl\/web\/servicios-publicos-buscan-nivelar-estandar-de-atencion-a-personas-lgbtqia\/\">Leer m\u00e1s<\/a><\/p>\n","protected":false},"author":2,"featured_media":49420,"comment_status":"closed","ping_status":"closed","sticky":false,"template":"","format":"standard","meta":{"footnotes":""},"categories":[1],"tags":[],"class_list":["post-49419","post","type-post","status-publish","format-standard","has-post-thumbnail","hentry","category-cronica"],"_links":{"self":[{"href":"https:\/\/www.radiopresidenteibanez.cl\/web\/wp-json\/wp\/v2\/posts\/49419","targetHints":{"allow":["GET"]}}],"collection":[{"href":"https:\/\/www.radiopresidenteibanez.cl\/web\/wp-json\/wp\/v2\/posts"}],"about":[{"href":"https:\/\/www.radiopresidenteibanez.cl\/web\/wp-json\/wp\/v2\/types\/post"}],"author":[{"embeddable":true,"href":"https:\/\/www.radiopresidenteibanez.cl\/web\/wp-json\/wp\/v2\/users\/2"}],"replies":[{"embeddable":true,"href":"https:\/\/www.radiopresidenteibanez.cl\/web\/wp-json\/wp\/v2\/comments?post=49419"}],"version-history":[{"count":0,"href":"https:\/\/www.radiopresidenteibanez.cl\/web\/wp-json\/wp\/v2\/posts\/49419\/revisions"}],"wp:featuredmedia":[{"embeddable":true,"href":"https:\/\/www.radiopresidenteibanez.cl\/web\/wp-json\/wp\/v2\/media\/49420"}],"wp:attachment":[{"href":"https:\/\/www.radiopresidenteibanez.cl\/web\/wp-json\/wp\/v2\/media?parent=49419"}],"wp:term":[{"taxonomy":"category","embeddable":true,"href":"https:\/\/www.radiopresidenteibanez.cl\/web\/wp-json\/wp\/v2\/categories?post=49419"},{"taxonomy":"post_tag","embeddable":true,"href":"https:\/\/www.radiopresidenteibanez.cl\/web\/wp-json\/wp\/v2\/tags?post=49419"}],"curies":[{"name":"wp","href":"https:\/\/api.w.org\/{rel}","templated":true}]}}