{"id":49404,"date":"2024-06-26T15:34:00","date_gmt":"2024-06-26T18:34:00","guid":{"rendered":"https:\/\/www.radiopresidenteibanez.cl\/web\/?p=49404"},"modified":"2024-06-26T11:30:38","modified_gmt":"2024-06-26T14:30:38","slug":"ine-continua-con-proceso-de-cierre-del-operativo-censal","status":"publish","type":"post","link":"https:\/\/www.radiopresidenteibanez.cl\/web\/ine-continua-con-proceso-de-cierre-del-operativo-censal\/","title":{"rendered":"INE CONTINUA CON PROCESO DE CIERRE DEL OPERATIVO CENSAL"},"content":{"rendered":"\n<p>El Censo ha avanzado de manera satisfactoria, habiendo censado a la fecha m\u00e1s de 7 millones de viviendas a lo largo del pa\u00eds y con alrededor de un 4% de viviendas donde las personas no han podido o han optado por no responder el Censo al momento de la visita.<\/p>\n\n\n\n<p>Conforme a lo planificado, este 30 junio el Instituto Nacional de Estad\u00edsticas habr\u00e1 finalizado el trabajo de recolecci\u00f3n de datos en 250 comunas del pa\u00eds. Al mismo tiempo, en una definici\u00f3n compartida al Comit\u00e9 Asesor de Censo 2024 y EL CELADE, decide continuar en terreno durante el mes de julio con el operativo censal en 95 comunas, que corresponden principalmente a capitales regionales y comunas de la RM, y que ir\u00e1n cerrando gradualmente.<\/p>\n\n\n\n<p>Durante el per\u00edodo comprendido entre marzo y mayo de este a\u00f1o, se cont\u00f3 con alrededor de 25 mil censistas recorriendo el pa\u00eds, reduci\u00e9ndose este n\u00famero a 10.000 en el mes de junio. A partir de julio, el proceso de cierre continuar\u00e1 con un equipo de alrededor de 4.000 censistas en las comunas con operativo de terreno activo.<\/p>\n\n\n\n<p>\u201c<strong>Queremos valorar y agradecer el gran esp\u00edritu c\u00edvico de las personas que ya han sido censadas, as\u00ed como a los m\u00e1s de 25 mil censistas que fueron parte de esta tarea pa\u00eds. En el periodo que viene, nuestro objetivo es llegar a todas las personas que a\u00fan no han sido censadas para que nadie quede fuera. Un Censo de Poblaci\u00f3n y Vivienda nos convoca a todos y todas, y estamos llamados a hacer el \u00faltimo esfuerzo<\/strong>\u201d, expres\u00f3 el director nacional del INE, Ricardo Vicu\u00f1a Poblete.<\/p>\n\n\n\n<p>La continuidad de la recolecci\u00f3n en terreno en 95 comunas durante el mes de julio fue compartida al Comit\u00e9 Asesor del Censo y EL CELADE (ver descripci\u00f3n), y respaldada por estos. A juicio de ambas instancias, el buen desarrollo a la fecha del proceso censal hace conveniente que se contin\u00fae con la recolecci\u00f3n de datos en esas comunas, a objeto de completar la cobertura de poblaci\u00f3n requerida por esta importante operaci\u00f3n estad\u00edstica.<\/p>\n\n\n\n<p>Durante el mes de julio se continuar\u00e1n visitando viviendas en estas comunas, y se mantendr\u00e1n tambi\u00e9n activos los Puntos Censo y el Fono Censo 1525, para que las personas que a\u00fan no se han censado tengan la oportunidad de hacerlo. Toda la informaci\u00f3n sobre el Censo en L\u00ednea y los lugares donde se ubican los Puntos Censo est\u00e1 disponible en la p\u00e1gina web<strong>&nbsp;<a href=\"http:\/\/www.censo2024.cl\/\" rel=\"noreferrer noopener\" target=\"_blank\">www.Censo2024.cl<\/a>,&nbsp;<\/strong>junto con las comunas que van cerrando la recolecci\u00f3n en terreno.<\/p>\n\n\n\n<p>Se recuerda que conforme a la Ley 17.374, el Instituto Nacional de Estad\u00edsticas debe guardar el secreto estad\u00edstico, teniendo prohibici\u00f3n de compartir con otras instituciones, ya sea p\u00fablicas o privadas, datos individuales de las viviendas y personas censadas.<\/p>\n\n\n\n<p><strong>DESCRIPCI\u00d3N CELADE Y COMIT\u00c9 ASESOR DEL CENSO 2024<\/strong><\/p>\n\n\n\n<p>EL CELADE -Divisi\u00f3n de Poblaci\u00f3n de la CEPAL- es la instituci\u00f3n de Naciones Unidas especializada en Censos para Am\u00e9rica Latina. Por su parte, el Comit\u00e9 Asesor del Censo de Poblaci\u00f3n y Vivienda 2024, creado en 2022, tiene como una de sus tareas acompa\u00f1ar el proceso de dise\u00f1o, levantamiento y procesamiento del Censo 2024 y retroalimentar al INE, mediante la proposici\u00f3n de sugerencias y cambios que sean necesarios para cumplir con el est\u00e1ndar de calidad esperado. Este comit\u00e9 consultivo, de car\u00e1cter t\u00e9cnico y&nbsp;<em>ad-honorem<\/em>&nbsp;es integrado por Andr\u00e9s Hernando, David Bravo, Ignacio Irarr\u00e1zaval, Marcela Cabezas, M\u00e1ximo Aguilera, Osvaldo Larra\u00f1aga y Pamela Jervis.<\/p>\n","protected":false},"excerpt":{"rendered":"<p>El Censo ha avanzado de manera satisfactoria, habiendo censado a la fecha m\u00e1s de 7 millones de viviendas a lo largo del pa\u00eds y con alrededor de un 4% de&#8230; <a class=\"read-more\" href=\"https:\/\/www.radiopresidenteibanez.cl\/web\/ine-continua-con-proceso-de-cierre-del-operativo-censal\/\">Leer m\u00e1s<\/a><\/p>\n","protected":false},"author":2,"featured_media":49405,"comment_status":"closed","ping_status":"closed","sticky":false,"template":"","format":"standard","meta":{"footnotes":""},"categories":[1],"tags":[],"class_list":["post-49404","post","type-post","status-publish","format-standard","has-post-thumbnail","hentry","category-cronica"],"_links":{"self":[{"href":"https:\/\/www.radiopresidenteibanez.cl\/web\/wp-json\/wp\/v2\/posts\/49404","targetHints":{"allow":["GET"]}}],"collection":[{"href":"https:\/\/www.radiopresidenteibanez.cl\/web\/wp-json\/wp\/v2\/posts"}],"about":[{"href":"https:\/\/www.radiopresidenteibanez.cl\/web\/wp-json\/wp\/v2\/types\/post"}],"author":[{"embeddable":true,"href":"https:\/\/www.radiopresidenteibanez.cl\/web\/wp-json\/wp\/v2\/users\/2"}],"replies":[{"embeddable":true,"href":"https:\/\/www.radiopresidenteibanez.cl\/web\/wp-json\/wp\/v2\/comments?post=49404"}],"version-history":[{"count":0,"href":"https:\/\/www.radiopresidenteibanez.cl\/web\/wp-json\/wp\/v2\/posts\/49404\/revisions"}],"wp:featuredmedia":[{"embeddable":true,"href":"https:\/\/www.radiopresidenteibanez.cl\/web\/wp-json\/wp\/v2\/media\/49405"}],"wp:attachment":[{"href":"https:\/\/www.radiopresidenteibanez.cl\/web\/wp-json\/wp\/v2\/media?parent=49404"}],"wp:term":[{"taxonomy":"category","embeddable":true,"href":"https:\/\/www.radiopresidenteibanez.cl\/web\/wp-json\/wp\/v2\/categories?post=49404"},{"taxonomy":"post_tag","embeddable":true,"href":"https:\/\/www.radiopresidenteibanez.cl\/web\/wp-json\/wp\/v2\/tags?post=49404"}],"curies":[{"name":"wp","href":"https:\/\/api.w.org\/{rel}","templated":true}]}}