{"id":49395,"date":"2024-06-26T11:40:00","date_gmt":"2024-06-26T14:40:00","guid":{"rendered":"https:\/\/www.radiopresidenteibanez.cl\/web\/?p=49395"},"modified":"2024-06-26T11:01:49","modified_gmt":"2024-06-26T14:01:49","slug":"que-verde-el-honor-del-traje-que-blanca-es-la-bayoneta-que-roja-y-que-dura-la-sangre-de-mis-ninos-que-la-retan-canta-jose-de-molina","status":"publish","type":"post","link":"https:\/\/www.radiopresidenteibanez.cl\/web\/que-verde-el-honor-del-traje-que-blanca-es-la-bayoneta-que-roja-y-que-dura-la-sangre-de-mis-ninos-que-la-retan-canta-jose-de-molina\/","title":{"rendered":"Que verde el honor del traje que blanca es la bayoneta que roja y que dura la sangre de mis ni\u00f1os que la retan..\u00bb canta Jose de Molina"},"content":{"rendered":"\n<p>Todos fuimos de alguna manera golpeados con el accidente ferroviario de hace algunos d\u00edas, cuando por razones que se investigan, chocaron en la comuna de San Bernardo un tren de carga y uno de pasajeros que hac\u00eda pruebas de velocidad. Afortunadamente y sin obviar en lo m\u00e1s m\u00ednimo la gravedad de los hechos, el accidente se produjo en horas en que no hab\u00eda servicio de pasajeros pues de lo contrario los da\u00f1os y p\u00e9rdidas de vidas pudieron ser mucho mayores.<br>Es claro que hay una falla (que puede ser humana, de instrumentos o la mezcla de ambos) que posibilit\u00f3 la cadena de errores y esperamos que sea una investigaci\u00f3n acuciosa la que determine tal cosa y se tomen medidas para que no vuelva a producirse hechos similares.<br>Con posterioridad a lo sucedido, est\u00e1 en desarrollo un paro de los maquinistas de EFE quienes demandan mejores condiciones de trabajo y certezas de que hechos similares no volver\u00e1n a producirse. Un paro que afecta a miles de usuarios del servicio Metrotren e involucra a otros trabajadores vinculados a ferrocarriles del estado.<br>No obstante no deja de llamar la atenci\u00f3n que no haya pronunciamiento ni acciones del sindicato de FEPASA, que es la empresa propietaria del tren de carga y donde trabajaban los 2 fallecidos que dej\u00f3 dicho accidente, uno de ellos con larga experiencia sindical.<\/p>\n\n\n\n<p>2.- Nosotros creemos que es oportuno no olvidar que en nuestro pa\u00eds existi\u00f3 una entidad estatal que era responsable de la v\u00edas f\u00e9rreas, tanto en el transporte de pasajeros como en la carga, servicio que fue desmejorado e incluso desmantelado en muchas de sus etapas por un sistema que da total importancia a la gesti\u00f3n de la empresa privada, en desmedro del rol del Estado<\/p>\n","protected":false},"excerpt":{"rendered":"<p>Todos fuimos de alguna manera golpeados con el accidente ferroviario de hace algunos d\u00edas, cuando por razones que se investigan, chocaron en la comuna de San Bernardo un tren de&#8230; <a class=\"read-more\" href=\"https:\/\/www.radiopresidenteibanez.cl\/web\/que-verde-el-honor-del-traje-que-blanca-es-la-bayoneta-que-roja-y-que-dura-la-sangre-de-mis-ninos-que-la-retan-canta-jose-de-molina\/\">Leer m\u00e1s<\/a><\/p>\n","protected":false},"author":2,"featured_media":49396,"comment_status":"closed","ping_status":"closed","sticky":false,"template":"","format":"standard","meta":{"footnotes":""},"categories":[1],"tags":[],"class_list":["post-49395","post","type-post","status-publish","format-standard","has-post-thumbnail","hentry","category-cronica"],"_links":{"self":[{"href":"https:\/\/www.radiopresidenteibanez.cl\/web\/wp-json\/wp\/v2\/posts\/49395","targetHints":{"allow":["GET"]}}],"collection":[{"href":"https:\/\/www.radiopresidenteibanez.cl\/web\/wp-json\/wp\/v2\/posts"}],"about":[{"href":"https:\/\/www.radiopresidenteibanez.cl\/web\/wp-json\/wp\/v2\/types\/post"}],"author":[{"embeddable":true,"href":"https:\/\/www.radiopresidenteibanez.cl\/web\/wp-json\/wp\/v2\/users\/2"}],"replies":[{"embeddable":true,"href":"https:\/\/www.radiopresidenteibanez.cl\/web\/wp-json\/wp\/v2\/comments?post=49395"}],"version-history":[{"count":0,"href":"https:\/\/www.radiopresidenteibanez.cl\/web\/wp-json\/wp\/v2\/posts\/49395\/revisions"}],"wp:featuredmedia":[{"embeddable":true,"href":"https:\/\/www.radiopresidenteibanez.cl\/web\/wp-json\/wp\/v2\/media\/49396"}],"wp:attachment":[{"href":"https:\/\/www.radiopresidenteibanez.cl\/web\/wp-json\/wp\/v2\/media?parent=49395"}],"wp:term":[{"taxonomy":"category","embeddable":true,"href":"https:\/\/www.radiopresidenteibanez.cl\/web\/wp-json\/wp\/v2\/categories?post=49395"},{"taxonomy":"post_tag","embeddable":true,"href":"https:\/\/www.radiopresidenteibanez.cl\/web\/wp-json\/wp\/v2\/tags?post=49395"}],"curies":[{"name":"wp","href":"https:\/\/api.w.org\/{rel}","templated":true}]}}