{"id":49392,"date":"2024-06-26T10:25:00","date_gmt":"2024-06-26T13:25:00","guid":{"rendered":"https:\/\/www.radiopresidenteibanez.cl\/web\/?p=49392"},"modified":"2024-06-26T08:45:46","modified_gmt":"2024-06-26T11:45:46","slug":"aun-hay-tiempo-postula-al-subsidio-de-arriendo-2024-que-entrega-el-minvu-el-plazo-termina-el-viernes","status":"publish","type":"post","link":"https:\/\/www.radiopresidenteibanez.cl\/web\/aun-hay-tiempo-postula-al-subsidio-de-arriendo-2024-que-entrega-el-minvu-el-plazo-termina-el-viernes\/","title":{"rendered":"\u00a1A\u00fan hay tiempo! POSTULA AL SUBSIDIO DE ARRIENDO 2024 QUE ENTREGA EL MINVU EL PLAZO TERMINA EL VIERNES"},"content":{"rendered":"\n<p>2024.- Este viernes 28 de junio finaliza el plazo para postular al Subsidio de<br>Arriendo que entrega el ministerio de Vivienda y Urbanismo y que tiene beneficios tanto para el<br>arrendatario, como para quien arrienda su propiedad.<br>Este subsidio es una ayuda temporal que est\u00e1 dirigido a 8.500 familias, a nivel nacional, que pueden realizar un pago mensual por el arriendo de una vivienda en la que quieran vivir. Los beneficiarios pueden recibir hasta 6 millones 305 mil pesos, que se entregan de manera mensual, con un tope de 156 mil pesos, los cuales podr\u00e1n usarse consecutiva o de manera fragmentada en un plazo m\u00e1ximo de ocho a\u00f1os.<br>\u201cHay dos formas de postular: una es de manera online, en la p\u00e1gina web del ministerio, que es<br>www.minvu.gob.cl o de manera presencial en las oficinas del Serviu de cada una de las regiones\u201d,<br>se\u00f1al\u00f3 el ministro de Vivienda y Urbanismo, Carlos Montes, quien agreg\u00f3 que \u201clas familias que<br>reciben este beneficio, deben cumplir con una serie de requisitos, entre ellos un ingreso para aportar una parte del pago arriendo, la otra parte la pone el Estado y el total se va entregando por cuotas mensuales a quien pone su vivienda en arriendo cada d\u00e9cimo d\u00eda h\u00e1bil del mes\u201d.<br>El secretario de Estado agreg\u00f3 que \u201ceste beneficio les permite a las familias cambiarse de vivienda a cualquier regi\u00f3n del pa\u00eds y no les impide postular de forma paralela a un subsidio para comprar una vivienda\u201d.<br>\u00bfCu\u00e1les son los requisitos para postular?<\/p>\n\n\n\n<ul class=\"wp-block-list\">\n<li>Tener m\u00ednimo 18 a\u00f1os de edad.<\/li>\n\n\n\n<li>Contar con c\u00e9dula nacional de identidad vigente. Las personas extranjeras deben presentar<br>c\u00e9dula de identidad para extranjeros vigente.<\/li>\n\n\n\n<li>Postular al menos con su c\u00f3nyuge, conviviente civil, conviviente o hijo. Las personas que<br>tengan m\u00e1s de 60 a\u00f1os al momento de postular no necesitan contar con n\u00facleo familiar.<\/li>\n\n\n\n<li>Estar inscrito en el Registro Social de Hogares (RSH) y no superar el tramo de calificaci\u00f3n<br>socioecon\u00f3mica del 70%. Se permitir\u00e1 una postulaci\u00f3n por RSH en cada llamado.<\/li>\n\n\n\n<li>Acreditar un ahorro m\u00ednimo de 4 UF en una cuenta de ahorro para la vivienda al momento<br>de postular, la cual debe estar a nombre del postulantes, c\u00f3nyuge o conviviente civil.<\/li>\n\n\n\n<li>En el presente llamado se dispone a contar con un ingreso familiar entre 7 UF y 25 UF. Por<br>cada integrante familiar que excede de tres, el ingreso m\u00e1ximo mensual familiar aumentar\u00e1<br>en 8 UF. La UF debe ser del valor vigente al \u00faltimo d\u00eda del mes anterior al per\u00edodo de<br>postulaci\u00f3n (31-03-2024).<br>El ministro Montes, adem\u00e1s, se\u00f1al\u00f3 que \u201clos valores de la vivienda a arrendar y el m\u00e1ximo del<br>subsidio mensual var\u00eda seg\u00fan la comuna donde se encuentre la soluci\u00f3n habitacional. Las comunas<br>de las regiones de Arica y Parinacota, Tarapac\u00e1, Antofagasta, Atacama, Metropolitana, Ays\u00e9n y<br>Magallanes tendr\u00e1n un subsidio de hasta 181 mil pesos. En el resto de las comunas del pa\u00eds, el<br>subsidio llegar\u00e1 hasta 155 mil pesos\u201d. Esto se da, seg\u00fan la autoridad por el costo de los arriendos,<br>que es diferente, dependiendo de la ubicaci\u00f3n geogr\u00e1fica.<br>\u00bfY qu\u00e9 pasa con el arrendador?<br>Si tienes una vivienda y quieres arrendarla, el Subsidio de Arriendo del ministerio es una opci\u00f3n<br>segura para los propietarios o representantes. Primero, debes contar con cuenta bancaria para<br>recibir la transferencia mensual del pago total del arriendo que realiza el ministerio. En caso de no<br>tener, puede ser Cuenta RUT o similar.<br>Este pago se realiza el d\u00e9cimo d\u00eda h\u00e1bil de cada de mes. Es el Minvu quien se encarga de recaudar<br>el aporte del arrendatario, para luego hacer un solo deposito por el monto del arriendo.<\/li>\n<\/ul>\n","protected":false},"excerpt":{"rendered":"<p>2024.- Este viernes 28 de junio finaliza el plazo para postular al Subsidio deArriendo que entrega el ministerio de Vivienda y Urbanismo y que tiene beneficios tanto para elarrendatario, como&#8230; <a class=\"read-more\" href=\"https:\/\/www.radiopresidenteibanez.cl\/web\/aun-hay-tiempo-postula-al-subsidio-de-arriendo-2024-que-entrega-el-minvu-el-plazo-termina-el-viernes\/\">Leer m\u00e1s<\/a><\/p>\n","protected":false},"author":2,"featured_media":49393,"comment_status":"closed","ping_status":"closed","sticky":false,"template":"","format":"standard","meta":{"footnotes":""},"categories":[1],"tags":[],"class_list":["post-49392","post","type-post","status-publish","format-standard","has-post-thumbnail","hentry","category-cronica"],"_links":{"self":[{"href":"https:\/\/www.radiopresidenteibanez.cl\/web\/wp-json\/wp\/v2\/posts\/49392","targetHints":{"allow":["GET"]}}],"collection":[{"href":"https:\/\/www.radiopresidenteibanez.cl\/web\/wp-json\/wp\/v2\/posts"}],"about":[{"href":"https:\/\/www.radiopresidenteibanez.cl\/web\/wp-json\/wp\/v2\/types\/post"}],"author":[{"embeddable":true,"href":"https:\/\/www.radiopresidenteibanez.cl\/web\/wp-json\/wp\/v2\/users\/2"}],"replies":[{"embeddable":true,"href":"https:\/\/www.radiopresidenteibanez.cl\/web\/wp-json\/wp\/v2\/comments?post=49392"}],"version-history":[{"count":0,"href":"https:\/\/www.radiopresidenteibanez.cl\/web\/wp-json\/wp\/v2\/posts\/49392\/revisions"}],"wp:featuredmedia":[{"embeddable":true,"href":"https:\/\/www.radiopresidenteibanez.cl\/web\/wp-json\/wp\/v2\/media\/49393"}],"wp:attachment":[{"href":"https:\/\/www.radiopresidenteibanez.cl\/web\/wp-json\/wp\/v2\/media?parent=49392"}],"wp:term":[{"taxonomy":"category","embeddable":true,"href":"https:\/\/www.radiopresidenteibanez.cl\/web\/wp-json\/wp\/v2\/categories?post=49392"},{"taxonomy":"post_tag","embeddable":true,"href":"https:\/\/www.radiopresidenteibanez.cl\/web\/wp-json\/wp\/v2\/tags?post=49392"}],"curies":[{"name":"wp","href":"https:\/\/api.w.org\/{rel}","templated":true}]}}