{"id":49377,"date":"2024-06-25T16:39:00","date_gmt":"2024-06-25T19:39:00","guid":{"rendered":"https:\/\/www.radiopresidenteibanez.cl\/web\/?p=49377"},"modified":"2024-06-25T14:56:22","modified_gmt":"2024-06-25T17:56:22","slug":"hasta-que-punto-nos-tomamos-en-serio-las-medidas-de-resguardo-ante-una-nueva-ola-de-frio","status":"publish","type":"post","link":"https:\/\/www.radiopresidenteibanez.cl\/web\/hasta-que-punto-nos-tomamos-en-serio-las-medidas-de-resguardo-ante-una-nueva-ola-de-frio\/","title":{"rendered":"\u00bfHASTA QU\u00c9 PUNTO NOS TOMAMOS EN SERIO LAS MEDIDAS DE RESGUARDO ANTE UNA NUEVA OLA DE FR\u00cdO?"},"content":{"rendered":"\n<p>Una de las semanas m\u00e1s duras ha debido enfrentar Aguas Magallanes, principalmente para asegurar la estabilidad en las operaciones de su planta de producci\u00f3n en Punta Arenas, localidad que ha evidenciado el mayor n\u00famero de roturas de ca\u00f1er\u00edas y medidores (a la fecha cerca 4.500), mayoritariamente por falta de protecci\u00f3n t\u00e9rmica, al interior los domicilios. &nbsp;<br>Para explicarlo en t\u00e9rminos simples: en condiciones normales, la planta produce 32 millones de litros al d\u00eda para abastecer a la comuna de Punta Arenas, sin embargo, hoy la planta est\u00e1 produciendo 55 millones, es decir, se est\u00e1n perdiendo aproximadamente 23 millones de litros cada d\u00eda, a causa de las roturas y filtraciones. \u201cEsto, provoca un desbalance en la producci\u00f3n, puesto que la capacidad para producir agua es finita. Entonces hay que preguntarse: \u00bfqu\u00e9 pasa cuando sumamos el consumo y las p\u00e9rdidas, frente a la capacidad de producir agua potable? Por ello, y teniendo muy presente lo molesto que es para la comunidad, fue necesario realizar cortes de suministro, como una forma de contener y equilibrar estos niveles de nuestros estanques\u201d, explic\u00f3 Christian Adema Galetovic, gerente regional de Aguas Magallanes.<\/p>\n\n\n\n<p><strong>TRABAJO EN TERRENO<\/strong><br>Un gran contingente de profesionales, t\u00e9cnicos, administrativos y cuadrillas en terreno, se encuentran trabajando en todos los frentes que se requiere en situaciones y emergencias como la que est\u00e1 afectando a la regi\u00f3n. \u201cNuestras cuadrillas se encuentran operativas 24\/7; hemos redoblado los turnos y se han cambiado cerca de mil medidores. Hemos dispuesto gradualmente 40 puntos de abastecimiento alternativo, en diversos sectores de Punta Arenas, lo que significa cerca de 75 mil litros diarios de agua potable\u201d, detall\u00f3.<\/p>\n\n\n\n<p>El ejecutivo agreg\u00f3 que no se puede perder de vista que la regi\u00f3n est\u00e1 atravesando una emergencia clim\u00e1tica importante. Si bien en Magallanes tenemos un clima particularmente duro, nos hemos olvidado, al parecer, de algunas costumbres propias de la zona. \u201cLa protecci\u00f3n t\u00e9rmica es fundamental y por lo mismo tanto en nuestras casas, oficinas, establecimientos educacionales y toda la infraestructura de la ciudad, debe prepararse para estos eventos\u201d, indic\u00f3. Adema precis\u00f3 que, \u201cpor la condici\u00f3n de Magallanes de ser zona extrema, y de aislamiento, en Aguas Magallanes contamos con stock, materiales y equipamiento sanitario, lo que nos permite estar preparados y enfrentar con relativa holgura distintas emergencias\u201d.<\/p>\n\n\n\n<p><strong>INSTALACIONES<\/strong><br>El 40% de los llamados obedece a problemas generados al interior de los domicilios y un 50% a medidores sin protecci\u00f3n t\u00e9rmica. \u201cUna de las claves para evitar el congelamiento, es que la instalaci\u00f3n de ca\u00f1er\u00edas deber\u00eda estar a 80 cent\u00edmetros de profundidad, y los medidores instalados con su correspondiente protecci\u00f3n t\u00e9rmica. Sabemos que estas son las condiciones t\u00e9cnicas ideales, y por lo mismo, el llamado es a extremar las medidas en las condiciones actuales. Debemos aprender de cada emergencia, estar alerta y ser previsores. El invierno reci\u00e9n est\u00e1 comenzando, entonces la pregunta que surge para cada vecino y vecina,es: c\u00f3mo nos preparamos hoy, en caso de vernos enfrentados nuevamente a una ola polar\u201d, concluy\u00f3.<\/p>\n","protected":false},"excerpt":{"rendered":"<p>Una de las semanas m\u00e1s duras ha debido enfrentar Aguas Magallanes, principalmente para asegurar la estabilidad en las operaciones de su planta de producci\u00f3n en Punta Arenas, localidad que ha&#8230; <a class=\"read-more\" href=\"https:\/\/www.radiopresidenteibanez.cl\/web\/hasta-que-punto-nos-tomamos-en-serio-las-medidas-de-resguardo-ante-una-nueva-ola-de-frio\/\">Leer m\u00e1s<\/a><\/p>\n","protected":false},"author":2,"featured_media":49378,"comment_status":"closed","ping_status":"closed","sticky":false,"template":"","format":"standard","meta":{"footnotes":""},"categories":[1],"tags":[],"class_list":["post-49377","post","type-post","status-publish","format-standard","has-post-thumbnail","hentry","category-cronica"],"_links":{"self":[{"href":"https:\/\/www.radiopresidenteibanez.cl\/web\/wp-json\/wp\/v2\/posts\/49377","targetHints":{"allow":["GET"]}}],"collection":[{"href":"https:\/\/www.radiopresidenteibanez.cl\/web\/wp-json\/wp\/v2\/posts"}],"about":[{"href":"https:\/\/www.radiopresidenteibanez.cl\/web\/wp-json\/wp\/v2\/types\/post"}],"author":[{"embeddable":true,"href":"https:\/\/www.radiopresidenteibanez.cl\/web\/wp-json\/wp\/v2\/users\/2"}],"replies":[{"embeddable":true,"href":"https:\/\/www.radiopresidenteibanez.cl\/web\/wp-json\/wp\/v2\/comments?post=49377"}],"version-history":[{"count":0,"href":"https:\/\/www.radiopresidenteibanez.cl\/web\/wp-json\/wp\/v2\/posts\/49377\/revisions"}],"wp:featuredmedia":[{"embeddable":true,"href":"https:\/\/www.radiopresidenteibanez.cl\/web\/wp-json\/wp\/v2\/media\/49378"}],"wp:attachment":[{"href":"https:\/\/www.radiopresidenteibanez.cl\/web\/wp-json\/wp\/v2\/media?parent=49377"}],"wp:term":[{"taxonomy":"category","embeddable":true,"href":"https:\/\/www.radiopresidenteibanez.cl\/web\/wp-json\/wp\/v2\/categories?post=49377"},{"taxonomy":"post_tag","embeddable":true,"href":"https:\/\/www.radiopresidenteibanez.cl\/web\/wp-json\/wp\/v2\/tags?post=49377"}],"curies":[{"name":"wp","href":"https:\/\/api.w.org\/{rel}","templated":true}]}}