{"id":49371,"date":"2024-06-25T15:13:00","date_gmt":"2024-06-25T18:13:00","guid":{"rendered":"https:\/\/www.radiopresidenteibanez.cl\/web\/?p=49371"},"modified":"2024-06-25T11:08:38","modified_gmt":"2024-06-25T14:08:38","slug":"seremi-de-energia-reune-con-gremio-de-empresas-locales-de-hidrogeno-trataron-alcances-y-requerimientos-de-la-industria-contemplados-en-el-plan-de-accion-del-gobierno","status":"publish","type":"post","link":"https:\/\/www.radiopresidenteibanez.cl\/web\/seremi-de-energia-reune-con-gremio-de-empresas-locales-de-hidrogeno-trataron-alcances-y-requerimientos-de-la-industria-contemplados-en-el-plan-de-accion-del-gobierno\/","title":{"rendered":"SEREMI DE ENERGIA REUNE CON GREMIO DE EMPRESAS LOCALES DE HIDROGENO TRATARON ALCANCES Y REQUERIMIENTOS DE LA INDUSTRIA CONTEMPLADOS EN EL PLAN DE ACCION DEL GOBIERNO"},"content":{"rendered":"\n<p>En la sala de reuniones de la Seremi de Energ\u00eda de Magallanes, tuvo lugar la cita entre el titular regional de la cartera, Sergio Cuiti\u00f1o, y el presidente del Gremio de Empresas para el Hidr\u00f3geno Magallanes (GHEMA), Cristofer Matulic.<\/p>\n\n\n\n<p>El encuentro de car\u00e1cter principalmente de presentaci\u00f3n, tuvo como prop\u00f3sito, adem\u00e1s, conocer los alcances y requerimientos que se aproximan de cara al futuro de la industria del hidr\u00f3geno verde, e interiorizarse sobre los desaf\u00edos que visualizan las empresas regionales vinculadas a la energ\u00eda en relaci\u00f3n al nuevo polo de desarrollo.<\/p>\n\n\n\n<p>En este sentido, el seremi de Energ\u00eda, Sergio Cuiti\u00f1o plante\u00f3 que el Gobierno del Presidente Gabriel Boric est\u00e1 en la tarea de cumplir con la pol\u00edtica energ\u00e9tica, en base a la carbono neutralidad, lo que implica poner \u00e9nfasis tanto en el desarrollo de nuevas fuentes de energ\u00eda renovable -como la industria del hidr\u00f3geno verde- como en el respeto a las comunidades, sus territorios y el medioambiente.<\/p>\n\n\n\n<p>\u201cEn otras palabras, buscamos el necesario equilibrio entre el desarrollo, el entorno y las personas, para asegurar la sana convivencia entre las comunidades y la industria\u201d, plante\u00f3.<\/p>\n\n\n\n<p>Por su parte, Cristofer Matulic se\u00f1al\u00f3 que, para los emprendimientos locales, la industria del hidr\u00f3geno va a representar una oportunidad para el crecimiento de las pymes y mypes regionales, en la medida en que la industria se consolide en Magallanes, y se vincule con las empresas regionales que est\u00e1n sumando valor al territorio.<\/p>\n\n\n\n<p>\u201cEstamos alineados en ayudar a que se materialicen de la mejor manera las primeras etapas del desarrollo de la nueva industria y, con ello, avancemos a paso seguro para convertirnos en un referente en el mundo respecto a estas nuevas energ\u00edas\u201d, dijo Matulic.<\/p>\n\n\n\n<p>Seguidamente, Matulic agradeci\u00f3 la disposici\u00f3n del seremi de Energ\u00eda \u201cpara un trabajar de manera coordinada, con el objeto de impulsar desde Magallanes el desarrollo de nuevos modelos energ\u00e9ticos que beneficien directamente a su gente\u201d.<\/p>\n\n\n\n<p>GHEMA Magallanes est\u00e1 compuesta por diversas empresas regionales vinculadas a la industria de la energ\u00eda y sus servicios, prepar\u00e1ndose constantemente en la transformaci\u00f3n que requiere los nuevos desaf\u00edos de la industria y el sector energ\u00e9tico en general.<\/p>\n","protected":false},"excerpt":{"rendered":"<p>En la sala de reuniones de la Seremi de Energ\u00eda de Magallanes, tuvo lugar la cita entre el titular regional de la cartera, Sergio Cuiti\u00f1o, y el presidente del Gremio&#8230; <a class=\"read-more\" href=\"https:\/\/www.radiopresidenteibanez.cl\/web\/seremi-de-energia-reune-con-gremio-de-empresas-locales-de-hidrogeno-trataron-alcances-y-requerimientos-de-la-industria-contemplados-en-el-plan-de-accion-del-gobierno\/\">Leer m\u00e1s<\/a><\/p>\n","protected":false},"author":2,"featured_media":49372,"comment_status":"closed","ping_status":"closed","sticky":false,"template":"","format":"standard","meta":{"footnotes":""},"categories":[1],"tags":[],"class_list":["post-49371","post","type-post","status-publish","format-standard","has-post-thumbnail","hentry","category-cronica"],"_links":{"self":[{"href":"https:\/\/www.radiopresidenteibanez.cl\/web\/wp-json\/wp\/v2\/posts\/49371","targetHints":{"allow":["GET"]}}],"collection":[{"href":"https:\/\/www.radiopresidenteibanez.cl\/web\/wp-json\/wp\/v2\/posts"}],"about":[{"href":"https:\/\/www.radiopresidenteibanez.cl\/web\/wp-json\/wp\/v2\/types\/post"}],"author":[{"embeddable":true,"href":"https:\/\/www.radiopresidenteibanez.cl\/web\/wp-json\/wp\/v2\/users\/2"}],"replies":[{"embeddable":true,"href":"https:\/\/www.radiopresidenteibanez.cl\/web\/wp-json\/wp\/v2\/comments?post=49371"}],"version-history":[{"count":0,"href":"https:\/\/www.radiopresidenteibanez.cl\/web\/wp-json\/wp\/v2\/posts\/49371\/revisions"}],"wp:featuredmedia":[{"embeddable":true,"href":"https:\/\/www.radiopresidenteibanez.cl\/web\/wp-json\/wp\/v2\/media\/49372"}],"wp:attachment":[{"href":"https:\/\/www.radiopresidenteibanez.cl\/web\/wp-json\/wp\/v2\/media?parent=49371"}],"wp:term":[{"taxonomy":"category","embeddable":true,"href":"https:\/\/www.radiopresidenteibanez.cl\/web\/wp-json\/wp\/v2\/categories?post=49371"},{"taxonomy":"post_tag","embeddable":true,"href":"https:\/\/www.radiopresidenteibanez.cl\/web\/wp-json\/wp\/v2\/tags?post=49371"}],"curies":[{"name":"wp","href":"https:\/\/api.w.org\/{rel}","templated":true}]}}