{"id":49363,"date":"2024-06-25T12:39:00","date_gmt":"2024-06-25T15:39:00","guid":{"rendered":"https:\/\/www.radiopresidenteibanez.cl\/web\/?p=49363"},"modified":"2024-06-25T10:27:07","modified_gmt":"2024-06-25T13:27:07","slug":"el-huillin-sera-el-protagonista-en-un-nuevo-el-jueves-tiene-su-ciencia","status":"publish","type":"post","link":"https:\/\/www.radiopresidenteibanez.cl\/web\/el-huillin-sera-el-protagonista-en-un-nuevo-el-jueves-tiene-su-ciencia\/","title":{"rendered":"EL HUILLIN SERA EL PROTAGONISTA EN UN NUEVO \u00abEL JUEVES TIENE SU CIENCIA\u00bb"},"content":{"rendered":"\n<p>Continuando con el ciclo de charlas<strong><em>&nbsp;<\/em><\/strong>organizado por la seremi de Ciencia, este jueves el ingeniero en gesti\u00f3n de turismo y maestro de No Deje Rastro (NOLS), Felipe Vera, nos hablar\u00e1 sobre la&nbsp;importancia de conocer la fauna con la que cohabitamos el territorio, destacando al huill\u00edn, una especie en peligro de extinci\u00f3n que cumple un rol relevante en el equilibrio del ecosistema.<\/p>\n\n\n\n<p>Bajo el t\u00edtulo \u201cLa conservaci\u00f3n, como una acci\u00f3n comunitaria\u201d, en la exposici\u00f3n se abordar\u00e1n temas relacionados a la conservaci\u00f3n y restauraci\u00f3n del ecosistema y especies nativas, c\u00f3mo mitigar el impacto de visitantes a humedales, entre otros antecedentes \u00fatiles para educar a la comunidad local. Adem\u00e1s, se exhibir\u00e1 el corto \u201cHuill\u00edn guardi\u00e1n de las aguas\u201d de la colectiva Ko-habitantes.<\/p>\n\n\n\n<p>\u201cLes invito una vez m\u00e1s a acompa\u00f1arnos en un nuevo jueves en el que acercaremos los conocimientos a la comunidad, esta vez aquellos asociados a la conservaci\u00f3n de especies mediante el caso del huill\u00edn, la nutria de r\u00edo que ha sido registrada desde Tierra del Fuego hacia el norte de la regi\u00f3n\u201d,&nbsp;se\u00f1al\u00f3 la seremi de Ciencia, Ver\u00f3nica Vallejos.&nbsp;Quienes deseen asistir se deben registrar en<a href=\"http:\/\/tinyurl.com\/eljuevestienesuciencia\" target=\"_blank\" rel=\"noreferrer noopener\">&nbsp;tinyurl.com\/eljuevestienesuciencia<\/a>.&nbsp;La charla est\u00e1 programada para el jueves 27 de junio a las 18 horas, en el Cowork Austral de la seremi de Ciencia (Croacia 135, entre Arauco y Patagona).<\/p>\n","protected":false},"excerpt":{"rendered":"<p>Continuando con el ciclo de charlas&nbsp;organizado por la seremi de Ciencia, este jueves el ingeniero en gesti\u00f3n de turismo y maestro de No Deje Rastro (NOLS), Felipe Vera, nos hablar\u00e1&#8230; <a class=\"read-more\" href=\"https:\/\/www.radiopresidenteibanez.cl\/web\/el-huillin-sera-el-protagonista-en-un-nuevo-el-jueves-tiene-su-ciencia\/\">Leer m\u00e1s<\/a><\/p>\n","protected":false},"author":2,"featured_media":49364,"comment_status":"closed","ping_status":"closed","sticky":false,"template":"","format":"standard","meta":{"footnotes":""},"categories":[1],"tags":[],"class_list":["post-49363","post","type-post","status-publish","format-standard","has-post-thumbnail","hentry","category-cronica"],"_links":{"self":[{"href":"https:\/\/www.radiopresidenteibanez.cl\/web\/wp-json\/wp\/v2\/posts\/49363","targetHints":{"allow":["GET"]}}],"collection":[{"href":"https:\/\/www.radiopresidenteibanez.cl\/web\/wp-json\/wp\/v2\/posts"}],"about":[{"href":"https:\/\/www.radiopresidenteibanez.cl\/web\/wp-json\/wp\/v2\/types\/post"}],"author":[{"embeddable":true,"href":"https:\/\/www.radiopresidenteibanez.cl\/web\/wp-json\/wp\/v2\/users\/2"}],"replies":[{"embeddable":true,"href":"https:\/\/www.radiopresidenteibanez.cl\/web\/wp-json\/wp\/v2\/comments?post=49363"}],"version-history":[{"count":0,"href":"https:\/\/www.radiopresidenteibanez.cl\/web\/wp-json\/wp\/v2\/posts\/49363\/revisions"}],"wp:featuredmedia":[{"embeddable":true,"href":"https:\/\/www.radiopresidenteibanez.cl\/web\/wp-json\/wp\/v2\/media\/49364"}],"wp:attachment":[{"href":"https:\/\/www.radiopresidenteibanez.cl\/web\/wp-json\/wp\/v2\/media?parent=49363"}],"wp:term":[{"taxonomy":"category","embeddable":true,"href":"https:\/\/www.radiopresidenteibanez.cl\/web\/wp-json\/wp\/v2\/categories?post=49363"},{"taxonomy":"post_tag","embeddable":true,"href":"https:\/\/www.radiopresidenteibanez.cl\/web\/wp-json\/wp\/v2\/tags?post=49363"}],"curies":[{"name":"wp","href":"https:\/\/api.w.org\/{rel}","templated":true}]}}