{"id":49351,"date":"2024-06-25T08:29:26","date_gmt":"2024-06-25T11:29:26","guid":{"rendered":"https:\/\/www.radiopresidenteibanez.cl\/web\/?p=49351"},"modified":"2024-06-25T08:29:31","modified_gmt":"2024-06-25T11:29:31","slug":"consejero-cardenas-sobre-visita-del-presidente-boric-a-tierra-del-fuego-un-impulso-necesario-para-el-desarrollo-integral-de-la-isla","status":"publish","type":"post","link":"https:\/\/www.radiopresidenteibanez.cl\/web\/consejero-cardenas-sobre-visita-del-presidente-boric-a-tierra-del-fuego-un-impulso-necesario-para-el-desarrollo-integral-de-la-isla\/","title":{"rendered":"CONSEJERO CARDENAS SOBRE VISITA DEL PRESIDENTE BORIC A TIERRA DEL FUEGO: UN IMPULSO NECESARIO PARA EL DESARROLLO INTEGRAL DE LA ISLA"},"content":{"rendered":"\n<p>Se anunci\u00f3 visita del Presidente Gabriel Boric a la isla de Tierra del Fuego, la cual ha sido recibida con gran expectativa por parte de los habitantes y autoridades locales. En un momento crucial para la regi\u00f3n, las palabras del consejero regional Rodolfo C\u00e1rdenas resuenan con especial relevancia, al subrayar la importancia de esta visita presidencial para el futuro desarrollo de la isla.<\/p>\n\n\n\n<p>\u00abEs super significativa la visita Presidencial por cuanto los fueguinos esperamos que se d\u00e9 el impulso a varias demandas que requieren del apoyo del Presidente Gabriel Boric\u00bb, declar\u00f3 C\u00e1rdenas, quien ha sido una voz constante en defensa de las necesidades y aspiraciones de los fueguinos.<\/p>\n\n\n\n<p>Uno de los puntos centrales que destac\u00f3 el consejero fue la necesidad de diversificar el entorno productivo de la isla. \u00abAcciones que nos permitan diversificar nuestra matriz productiva a trav\u00e9s del fomento de diversas fuentes y la instalaci\u00f3n de programas de fomento, innovaci\u00f3n tecnol\u00f3gica y desarrollo cient\u00edfico\u00bb, mencion\u00f3. En este sentido, la llegada del Presidente Boric -estima- podr\u00eda marcar un antes y un despu\u00e9s, impulsando iniciativas que potencien sectores emergentes y fortalezcan la econom\u00eda local.<\/p>\n\n\n\n<p>En el \u00e1mbito de la salud, C\u00e1rdenas hizo hincapi\u00e9 en la urgencia de mejorar la atenci\u00f3n m\u00e9dica en la regi\u00f3n. \u00abSeguir avanzando con mayor resolutividad en materia de salud como atenci\u00f3n de especialistas, disminuci\u00f3n de los tiempos de espera, un centro de di\u00e1lisis y esc\u00e1ner que permita apoyar los diagn\u00f3sticos y abordar las problem\u00e1ticas asociadas a la salud mental y adicciones\u00bb, detall\u00f3. Estas mejoras son fundamentales para garantizar una calidad de vida digna para los habitantes de la isla, quienes han lidiado con carencias significativas en este sector.<\/p>\n\n\n\n<p>Otro aspecto crucial que resalt\u00f3 el consejero regional fue la mejora en el acceso a servicios y canales de comunicaci\u00f3n. \u00abDe igual forma, todo el acceso a servicios b\u00e1sicos y telecomunicaciones en los sectores periurbanos y Bah\u00eda Chilota de Porvenir y en las comunas rurales de Primavera y Timaukel son fundamentales para seguir avanzando en el desarrollo de Tierra del Fuego\u00bb. Esta conectividad es esencial no solo para el desarrollo econ\u00f3mico, sino tambi\u00e9n para la integraci\u00f3n social y la igualdad de oportunidades, subray\u00f3 el Core fueguino.<\/p>\n\n\n\n<p>La educaci\u00f3n y el cuidado comunitario tambi\u00e9n destacados por C\u00e1rdenas. \u00abContar con infraestructura p\u00fablica para el \u00e1mbito educacional y el impulso para que el ex Hospital sea destinado para un Centro de Cuidado y atenci\u00f3n comunitaria que va en l\u00ednea al desarrollo del Sistema Nacional de Cuidados\u00bb, se\u00f1al\u00f3. La reconversi\u00f3n del antiguo hospital en un espacio de atenci\u00f3n p\u00fablica es vista como una oportunidad para fortalecer el tejido social y proveer servicios esenciales a la poblaci\u00f3n.<\/p>\n\n\n\n<p>Finalmente, C\u00e1rdenas expres\u00f3 su esperanza en que la Pol\u00edtica Nacional de Zonas Extremas del gobierno central aborde efectivamente estas problem\u00e1ticas. La visita del Presidente Boric representa una oportunidad invaluable para que las demandas hist\u00f3ricas de Tierra del Fuego sean escuchadas y atendidas, marcando un camino hacia un desarrollo m\u00e1s equitativo y sostenible para la regi\u00f3n.<\/p>\n\n\n\n<p>El mandatario anunci\u00f3 una hist\u00f3rica visita en la isla, espacio de tiempo en que visitar\u00e1 las comunas de Primavera y Porvenir, siendo su presencia tambi\u00e9n una potente se\u00f1al de soberan\u00eda tras el impasse sufrido en el Hito 1 Magallanes, con la instalaci\u00f3n de paneles solares en dependencias de las Fuerzas Armadas argentinas.<\/p>\n","protected":false},"excerpt":{"rendered":"<p>Se anunci\u00f3 visita del Presidente Gabriel Boric a la isla de Tierra del Fuego, la cual ha sido recibida con gran expectativa por parte de los habitantes y autoridades locales&#8230;. <a class=\"read-more\" href=\"https:\/\/www.radiopresidenteibanez.cl\/web\/consejero-cardenas-sobre-visita-del-presidente-boric-a-tierra-del-fuego-un-impulso-necesario-para-el-desarrollo-integral-de-la-isla\/\">Leer m\u00e1s<\/a><\/p>\n","protected":false},"author":2,"featured_media":49352,"comment_status":"closed","ping_status":"closed","sticky":false,"template":"","format":"standard","meta":{"footnotes":""},"categories":[1],"tags":[],"class_list":["post-49351","post","type-post","status-publish","format-standard","has-post-thumbnail","hentry","category-cronica"],"_links":{"self":[{"href":"https:\/\/www.radiopresidenteibanez.cl\/web\/wp-json\/wp\/v2\/posts\/49351","targetHints":{"allow":["GET"]}}],"collection":[{"href":"https:\/\/www.radiopresidenteibanez.cl\/web\/wp-json\/wp\/v2\/posts"}],"about":[{"href":"https:\/\/www.radiopresidenteibanez.cl\/web\/wp-json\/wp\/v2\/types\/post"}],"author":[{"embeddable":true,"href":"https:\/\/www.radiopresidenteibanez.cl\/web\/wp-json\/wp\/v2\/users\/2"}],"replies":[{"embeddable":true,"href":"https:\/\/www.radiopresidenteibanez.cl\/web\/wp-json\/wp\/v2\/comments?post=49351"}],"version-history":[{"count":0,"href":"https:\/\/www.radiopresidenteibanez.cl\/web\/wp-json\/wp\/v2\/posts\/49351\/revisions"}],"wp:featuredmedia":[{"embeddable":true,"href":"https:\/\/www.radiopresidenteibanez.cl\/web\/wp-json\/wp\/v2\/media\/49352"}],"wp:attachment":[{"href":"https:\/\/www.radiopresidenteibanez.cl\/web\/wp-json\/wp\/v2\/media?parent=49351"}],"wp:term":[{"taxonomy":"category","embeddable":true,"href":"https:\/\/www.radiopresidenteibanez.cl\/web\/wp-json\/wp\/v2\/categories?post=49351"},{"taxonomy":"post_tag","embeddable":true,"href":"https:\/\/www.radiopresidenteibanez.cl\/web\/wp-json\/wp\/v2\/tags?post=49351"}],"curies":[{"name":"wp","href":"https:\/\/api.w.org\/{rel}","templated":true}]}}