{"id":49348,"date":"2024-06-24T17:57:00","date_gmt":"2024-06-24T20:57:00","guid":{"rendered":"https:\/\/www.radiopresidenteibanez.cl\/web\/?p=49348"},"modified":"2024-06-24T15:40:10","modified_gmt":"2024-06-24T18:40:10","slug":"gobierno-regional-impulsa-el-desarrollo-deportivo-de-porvenir-con-tres-proyectos-de-infraestructura","status":"publish","type":"post","link":"https:\/\/www.radiopresidenteibanez.cl\/web\/gobierno-regional-impulsa-el-desarrollo-deportivo-de-porvenir-con-tres-proyectos-de-infraestructura\/","title":{"rendered":"GOBIERNO REGIONAL IMPULSA EL DESARROLLO DEPORTIVO DE PORVENIR CON TRES PROYECTOS DE INFRAESTRUCTURA"},"content":{"rendered":"\n<p>El Gobernador Regional, Jorge Flies, se reuni\u00f3 con dirigentes y simpatizantes de los tres clubes deportivos de Porvenir para comunicarles importantes noticias en relaci\u00f3n a sus proyectos de infraestructura.<\/p>\n\n\n\n<p>El primero de ellos fue el Club Deportivo Magallanes, a quienes se les inform\u00f3 la aprobaci\u00f3n de 214 millones de pesos para la compra de un inmueble que se convertir\u00e1 en su nueva sede.<\/p>\n\n\n\n<p>\u201cEstamos cumpliendo nuestros compromisos con los clubes de Porvenir. El Magallanes tendr\u00e1 una nueva sede en una casa que tiene muy buenas dimensiones para un crecimiento posterior. Esperamos que los tres clubes sigan trabajando de manera excepcional y que sigan contando con este Gobierno Regional\u201d destac\u00f3 Flies.<\/p>\n\n\n\n<p>En segunda instancia, se sostuvieron dos reuniones, una con el Club Deportivo 18 de Septiembre y otra con el Club Deportivo Tierra del Fuego para comunicarles la firma del oficio para la recomendaci\u00f3n t\u00e9cnica al ministerio de Desarrollo Social de sus respectivos proyectos.<\/p>\n\n\n\n<p>La iniciativa del primero de ellos consiste en la construcci\u00f3n de un gimnasio, una sala multiuso y un albergue.<\/p>\n\n\n\n<p>Al respecto, el Presidente del C.D 18 de Septiembre, Iv\u00e1n Torres, se\u00f1al\u00f3 que \u201cesto nos va a servir para poder hacer nuestros encuentros internos y tambi\u00e9n para aportar a la comunidad para eventos deportivos, culturales o art\u00edsticos. Este es un gran paso para nuestro sue\u00f1o\u201d.<\/p>\n\n\n\n<p>Mientras que para el \u201cFueguino\u201d se realizar\u00e1 la construcci\u00f3n de un gimnasio que tambi\u00e9n contar\u00e1 con un albergue y sala multiproposito a disposici\u00f3n de la comunidad.<\/p>\n\n\n\n<p>\u201cEsto nos da una oportunidad tremenda para desarrollar el deporte, donde los colegios tambi\u00e9n podr\u00e1n sumarse para sacar a los ni\u00f1os y tener una infraestructura de primer nivel\u201d declar\u00f3 Marcos S\u00e1nchez, Presidente del C.D Tierra del Fuego.&nbsp;<\/p>\n\n\n\n<p>Ahora, se espera que, durante los pr\u00f3ximos meses, una vez avancen los temas administrativos correspondientes, se avance en el dise\u00f1o de estas nuevas obras para la comunidad porvenire\u00f1a.<\/p>\n","protected":false},"excerpt":{"rendered":"<p>El Gobernador Regional, Jorge Flies, se reuni\u00f3 con dirigentes y simpatizantes de los tres clubes deportivos de Porvenir para comunicarles importantes noticias en relaci\u00f3n a sus proyectos de infraestructura. El&#8230; <a class=\"read-more\" href=\"https:\/\/www.radiopresidenteibanez.cl\/web\/gobierno-regional-impulsa-el-desarrollo-deportivo-de-porvenir-con-tres-proyectos-de-infraestructura\/\">Leer m\u00e1s<\/a><\/p>\n","protected":false},"author":2,"featured_media":49349,"comment_status":"closed","ping_status":"closed","sticky":false,"template":"","format":"standard","meta":{"footnotes":""},"categories":[1],"tags":[],"class_list":["post-49348","post","type-post","status-publish","format-standard","has-post-thumbnail","hentry","category-cronica"],"_links":{"self":[{"href":"https:\/\/www.radiopresidenteibanez.cl\/web\/wp-json\/wp\/v2\/posts\/49348","targetHints":{"allow":["GET"]}}],"collection":[{"href":"https:\/\/www.radiopresidenteibanez.cl\/web\/wp-json\/wp\/v2\/posts"}],"about":[{"href":"https:\/\/www.radiopresidenteibanez.cl\/web\/wp-json\/wp\/v2\/types\/post"}],"author":[{"embeddable":true,"href":"https:\/\/www.radiopresidenteibanez.cl\/web\/wp-json\/wp\/v2\/users\/2"}],"replies":[{"embeddable":true,"href":"https:\/\/www.radiopresidenteibanez.cl\/web\/wp-json\/wp\/v2\/comments?post=49348"}],"version-history":[{"count":0,"href":"https:\/\/www.radiopresidenteibanez.cl\/web\/wp-json\/wp\/v2\/posts\/49348\/revisions"}],"wp:featuredmedia":[{"embeddable":true,"href":"https:\/\/www.radiopresidenteibanez.cl\/web\/wp-json\/wp\/v2\/media\/49349"}],"wp:attachment":[{"href":"https:\/\/www.radiopresidenteibanez.cl\/web\/wp-json\/wp\/v2\/media?parent=49348"}],"wp:term":[{"taxonomy":"category","embeddable":true,"href":"https:\/\/www.radiopresidenteibanez.cl\/web\/wp-json\/wp\/v2\/categories?post=49348"},{"taxonomy":"post_tag","embeddable":true,"href":"https:\/\/www.radiopresidenteibanez.cl\/web\/wp-json\/wp\/v2\/tags?post=49348"}],"curies":[{"name":"wp","href":"https:\/\/api.w.org\/{rel}","templated":true}]}}