{"id":49342,"date":"2024-06-24T16:25:00","date_gmt":"2024-06-24T19:25:00","guid":{"rendered":"https:\/\/www.radiopresidenteibanez.cl\/web\/?p=49342"},"modified":"2024-06-24T15:14:01","modified_gmt":"2024-06-24T18:14:01","slug":"mindep-ind-magallanes-organizo-el-1-encuentro-de-palinen-punta-arenas","status":"publish","type":"post","link":"https:\/\/www.radiopresidenteibanez.cl\/web\/mindep-ind-magallanes-organizo-el-1-encuentro-de-palinen-punta-arenas\/","title":{"rendered":"MINDEP\/IND MAGALLANES ORGANIZO EL  1\u00b0 ENCUENTRO DE PALIN EN PUNTA ARENAS"},"content":{"rendered":"\n<p>Con una importante asistencia de usuarios y usuarias que participan de manera<br>activa y sistem\u00e1tica de los talleres gratuitos de actividad f\u00edsica y deporte<br>intercultural que la unidad de Deporte de Participaci\u00f3n Social del IND Magallanes<br>ejecuta en Punta Arenas, se realiz\u00f3 el encuentro de pal\u00edn m\u00e1s austral de Chile y<br>que tuvo como ceremonia inaugural un \u201cNguillat\u00fan\u201d, a cargo de la maestra<br>ancestral Teresa Maudier Colivoro.<br>El encuentro, que cont\u00f3 con la colaboraci\u00f3n de la Asociaci\u00f3n Weche Pepiukelen<br>cuya autoridad representante fue su presidente don Rodrigo Carrera Carreraque,<br>se dividi\u00f3 en dos bloques, en inicio con la disciplina ancestral de pal\u00edn y<br>posteriormente se desarroll\u00f3 el futsal, en donde en ambas instancias participaron<br>comunidades mapuche-huilliche de la capital regional.<br>Al respecto el Seremi del deporte, Alejandro Olate Levet destac\u00f3 el encuentro: \u201cA<br>trav\u00e9s de estos encuentros se rescata y preserva la pr\u00e1ctica ancestral a trav\u00e9s del<br>deporte. El pal\u00edn es m\u00e1s que un juego, es una pr\u00e1ctica tradicional que refleja la<br>cosmovisi\u00f3n y los valores del pueblo mapuche, por lo que es nuestro deber como<br>Ministerio del Deporte acercar esta disciplina a la comunidad, fomentar su<br>desarrollo y apoyar con equipamiento deportivo los talleres deportivos gratuitos<br>que se ejecutan en Punta Arenas\u201d.<br>De igual forma, y en el marco del apoyo en equipamiento deportivo para los<br>talleres de deporte intercultural se realiz\u00f3 entrega de balones de f\u00fatbol, steps, aros<br>deportivos, bandas de resistencia, entre otra implementaci\u00f3n; demostrando con<br>ello la relevancia de aquellas actividades que tienen un fuerte componente cultural<br>y patrimonial.<br>Los talleres de actividad f\u00edsica y deporte Intercultural del IND Magallanes se<br>realizan los d\u00edas Lunes 21.00 a 22.00 hrs, Martes 20.30 a 21.30hrs. y Mi\u00e9rcoles<br>20.30 a 21.30 hrs. en el Gimnasio del Liceo Sara Braun. En tanto el taller de pal\u00edn<br>de realiza los d\u00edas mi\u00e9rcoles, jueves y viernes de 19.00 a 20.00 hrs. en la sala de<br>uso m\u00faltiple del IND Magallanes ubicado en Av. Bulnes con Enrique Abello.<\/p>\n\n\n\n<p>La inscripci\u00f3n se realiza de manera presencial previo al inicio del taller.<\/p>\n","protected":false},"excerpt":{"rendered":"<p>Con una importante asistencia de usuarios y usuarias que participan de maneraactiva y sistem\u00e1tica de los talleres gratuitos de actividad f\u00edsica y deporteintercultural que la unidad de Deporte de Participaci\u00f3n&#8230; <a class=\"read-more\" href=\"https:\/\/www.radiopresidenteibanez.cl\/web\/mindep-ind-magallanes-organizo-el-1-encuentro-de-palinen-punta-arenas\/\">Leer m\u00e1s<\/a><\/p>\n","protected":false},"author":2,"featured_media":49343,"comment_status":"closed","ping_status":"closed","sticky":false,"template":"","format":"standard","meta":{"footnotes":""},"categories":[1],"tags":[],"class_list":["post-49342","post","type-post","status-publish","format-standard","has-post-thumbnail","hentry","category-cronica"],"_links":{"self":[{"href":"https:\/\/www.radiopresidenteibanez.cl\/web\/wp-json\/wp\/v2\/posts\/49342","targetHints":{"allow":["GET"]}}],"collection":[{"href":"https:\/\/www.radiopresidenteibanez.cl\/web\/wp-json\/wp\/v2\/posts"}],"about":[{"href":"https:\/\/www.radiopresidenteibanez.cl\/web\/wp-json\/wp\/v2\/types\/post"}],"author":[{"embeddable":true,"href":"https:\/\/www.radiopresidenteibanez.cl\/web\/wp-json\/wp\/v2\/users\/2"}],"replies":[{"embeddable":true,"href":"https:\/\/www.radiopresidenteibanez.cl\/web\/wp-json\/wp\/v2\/comments?post=49342"}],"version-history":[{"count":0,"href":"https:\/\/www.radiopresidenteibanez.cl\/web\/wp-json\/wp\/v2\/posts\/49342\/revisions"}],"wp:featuredmedia":[{"embeddable":true,"href":"https:\/\/www.radiopresidenteibanez.cl\/web\/wp-json\/wp\/v2\/media\/49343"}],"wp:attachment":[{"href":"https:\/\/www.radiopresidenteibanez.cl\/web\/wp-json\/wp\/v2\/media?parent=49342"}],"wp:term":[{"taxonomy":"category","embeddable":true,"href":"https:\/\/www.radiopresidenteibanez.cl\/web\/wp-json\/wp\/v2\/categories?post=49342"},{"taxonomy":"post_tag","embeddable":true,"href":"https:\/\/www.radiopresidenteibanez.cl\/web\/wp-json\/wp\/v2\/tags?post=49342"}],"curies":[{"name":"wp","href":"https:\/\/api.w.org\/{rel}","templated":true}]}}