{"id":4933,"date":"2019-06-10T16:02:09","date_gmt":"2019-06-10T16:02:09","guid":{"rendered":"http:\/\/www.radiopresidenteibanez.cl\/web\/?p=4933"},"modified":"2019-06-10T16:02:53","modified_gmt":"2019-06-10T16:02:53","slug":"importantes-expositores-llegaron-hasta-puerto-natales-para-participar-en-seminario-de-medio-ambiente-organizado-por-el-municipio","status":"publish","type":"post","link":"https:\/\/www.radiopresidenteibanez.cl\/web\/importantes-expositores-llegaron-hasta-puerto-natales-para-participar-en-seminario-de-medio-ambiente-organizado-por-el-municipio\/","title":{"rendered":"IMPORTANTES EXPOSITORES LLEGARON HASTA PUERTO NATALES PARA PARTICIPAR EN SEMINARIO DE MEDIO AMBIENTE ORGANIZADO POR EL MUNICIPIO"},"content":{"rendered":"\n<p>En el marco de la semana\ninternacional del medio ambiente, la Ilustre Municipalidad de Natales realiz\u00f3\npor primera vez un seminario llamado \u201cExperiencias Innovadoras Sobre&nbsp; Residuos: Situaci\u00f3n Actual, Oportunidades y\nDesaf\u00edos\u201d, buscando motivar a los natalinos y entregar herramientas para\ngenerar acciones de reutilizaci\u00f3n y emprendimiento con innovaci\u00f3n y\nsostenibilidad.<\/p>\n\n\n\n<p>La jornada cont\u00f3 con la\npresentaci\u00f3n de Jorge Fern\u00e1ndez, especialista en modelos de reciclaje para\nvidrio, Yanko Cariceo, Coordinador del comit\u00e9 operativo para la evaluaci\u00f3n\nambiental, Nicol\u00e1s Vel\u00e1squez, Ingeniero Ambiental de la Unidad de Medio\nAmbiente del municipio.<\/p>\n\n\n\n<p>El Alcalde Protocolar de la\ncomuna, Alfredo Alderete en representaci\u00f3n del alcalde titular, Fernando\nParedes Mansilla y Concejo Municipal, valor\u00f3 el importante trabajo que est\u00e1\nhaciendo la Unidad de Medio Ambiente por esta importante instancia de\naprendizaje y di\u00e1logo. \u201cLa municipalidad juega un papel preponderante&nbsp; porque ha estado muy preocupado de esto, y\neste seminario nos est\u00e1 entregando hartos y \u00fatiles conocimientos\u201d. <\/p>\n\n\n\n<p>En este contexto, Fabiola Vigar, Encargada\nde la Unidad de Medio Ambiente, se\u00f1al\u00f3 que \u201cnosotros como municipio a trav\u00e9s de\nla Unidad de Medio Ambiente quisimos hacer una actividad diferente, quisimos\nrealizar un seminario en el que se toquen temas atingentes a nuestra comuna y\nregi\u00f3n\u201d, detall\u00f3 que existe un compromiso desde el alcalde de la comuna\nFernando Paredes por cuidar y desarrollar instancias de participaci\u00f3n en torno\nal tema medioambiental, destacando que los residuos son una gran tem\u00e1tica por\nnuestro aislamiento, por eso recalc\u00f3 que buscan d\u00eda a d\u00eda la generaci\u00f3n de\nalianzas para minimizar y reducir los residuos generados en la comuna y copiar\nexperiencias aplicadas en otros lugares del mundo. <\/p>\n\n\n\n<p>Yanko Cariceo Yutronic,\nprofesional del Servicio Regional Ministerial de Medio Ambiente y expositor del\nseminario, subray\u00f3 la importancia para la regi\u00f3n el desarrollo de estas\ninstancias. \u201cTrabajar con Puerto Natales es un lujo, porque es un municipio\ncertificado con excelencia por el Ministerio del Medio Ambiente, hay muchas\ncosas por hacer, la comunidad est\u00e1 organizada, existen una serie de puntos\nverdes distribuidos a lo largo de la comuna, lo que facilita enormemente el\ntrabajo en conjunto entre ambas instituciones\u201d, sostuvo. <\/p>\n\n\n\n<p>El financiamiento de la jornada fue gracias al apoyo de la Corporaci\u00f3n Municipal de Cultura, Turismo y Patrimonio, llev\u00e1ndose a cabo seis horas y media de seminario. Actualmente, el municipio se encuentra en proceso de obtenci\u00f3n del nivel sobresaliente en el sistema de certificaci\u00f3n ambiental municipal reconocido por el Ministerio de Medio Ambiente. <\/p>\n\n\n\n<figure class=\"wp-block-image\"><img loading=\"lazy\" decoding=\"async\" width=\"800\" height=\"450\" src=\"https:\/\/www.radiopresidenteibanez.cl\/web\/wp-content\/uploads\/2019\/06\/039A7400.jpg\" alt=\"\" class=\"wp-image-4934\" srcset=\"https:\/\/www.radiopresidenteibanez.cl\/web\/wp-content\/uploads\/2019\/06\/039A7400.jpg 800w, https:\/\/www.radiopresidenteibanez.cl\/web\/wp-content\/uploads\/2019\/06\/039A7400-300x169.jpg 300w, https:\/\/www.radiopresidenteibanez.cl\/web\/wp-content\/uploads\/2019\/06\/039A7400-768x432.jpg 768w\" sizes=\"auto, (max-width: 800px) 100vw, 800px\" \/><\/figure>\n","protected":false},"excerpt":{"rendered":"<p>En el marco de la semana internacional del medio ambiente, la Ilustre Municipalidad de Natales realiz\u00f3 por primera vez un seminario llamado \u201cExperiencias Innovadoras Sobre&nbsp; Residuos: Situaci\u00f3n Actual, Oportunidades y&#8230; <a class=\"read-more\" href=\"https:\/\/www.radiopresidenteibanez.cl\/web\/importantes-expositores-llegaron-hasta-puerto-natales-para-participar-en-seminario-de-medio-ambiente-organizado-por-el-municipio\/\">Leer m\u00e1s<\/a><\/p>\n","protected":false},"author":2,"featured_media":4934,"comment_status":"closed","ping_status":"closed","sticky":false,"template":"","format":"standard","meta":{"footnotes":""},"categories":[1],"tags":[],"class_list":["post-4933","post","type-post","status-publish","format-standard","has-post-thumbnail","hentry","category-cronica"],"_links":{"self":[{"href":"https:\/\/www.radiopresidenteibanez.cl\/web\/wp-json\/wp\/v2\/posts\/4933","targetHints":{"allow":["GET"]}}],"collection":[{"href":"https:\/\/www.radiopresidenteibanez.cl\/web\/wp-json\/wp\/v2\/posts"}],"about":[{"href":"https:\/\/www.radiopresidenteibanez.cl\/web\/wp-json\/wp\/v2\/types\/post"}],"author":[{"embeddable":true,"href":"https:\/\/www.radiopresidenteibanez.cl\/web\/wp-json\/wp\/v2\/users\/2"}],"replies":[{"embeddable":true,"href":"https:\/\/www.radiopresidenteibanez.cl\/web\/wp-json\/wp\/v2\/comments?post=4933"}],"version-history":[{"count":0,"href":"https:\/\/www.radiopresidenteibanez.cl\/web\/wp-json\/wp\/v2\/posts\/4933\/revisions"}],"wp:featuredmedia":[{"embeddable":true,"href":"https:\/\/www.radiopresidenteibanez.cl\/web\/wp-json\/wp\/v2\/media\/4934"}],"wp:attachment":[{"href":"https:\/\/www.radiopresidenteibanez.cl\/web\/wp-json\/wp\/v2\/media?parent=4933"}],"wp:term":[{"taxonomy":"category","embeddable":true,"href":"https:\/\/www.radiopresidenteibanez.cl\/web\/wp-json\/wp\/v2\/categories?post=4933"},{"taxonomy":"post_tag","embeddable":true,"href":"https:\/\/www.radiopresidenteibanez.cl\/web\/wp-json\/wp\/v2\/tags?post=4933"}],"curies":[{"name":"wp","href":"https:\/\/api.w.org\/{rel}","templated":true}]}}