{"id":49318,"date":"2024-06-23T11:56:59","date_gmt":"2024-06-23T14:56:59","guid":{"rendered":"https:\/\/www.radiopresidenteibanez.cl\/web\/?p=49318"},"modified":"2024-06-23T11:57:03","modified_gmt":"2024-06-23T14:57:03","slug":"aguas-magallanes-se-encuentra-realizando-maniobras-en-la-red-de-agua-potable-para-mantener-las-reservas-y-asegurar-la-continuidad-del-sistema","status":"publish","type":"post","link":"https:\/\/www.radiopresidenteibanez.cl\/web\/aguas-magallanes-se-encuentra-realizando-maniobras-en-la-red-de-agua-potable-para-mantener-las-reservas-y-asegurar-la-continuidad-del-sistema\/","title":{"rendered":"AGUAS MAGALLANES SE ENCUENTRA REALIZANDO MANIOBRAS EN LA RED DE AGUA POTABLE PARA MANTENER LAS RESERVAS Y ASEGURAR LA CONTINUIDAD DEL SISTEMA"},"content":{"rendered":"\n<p>&nbsp;Frente a la situaci\u00f3n de bajas temperaturas que ha afectado a la regi\u00f3n, Aguas Magallanes &nbsp;inform\u00f3 que hasta este s\u00e1bado 22 reci\u00e9n pasado, ha trabajado arduamente para contener m\u00e1s de 2. 711 roturas de ca\u00f1er\u00edas interiores y &nbsp;medidores da\u00f1ados de los domicilios, en la ciudad de Punta Arenas. \u00abTodas estas emergencias han sido producto de las bajas temperaturas que hemos estado soportando desde el lunes 17 pasado\u00bb, indic\u00f3 CristianOyarz\u00fan, subgerente de Clientes &nbsp;de Aguas Magallanes. Cabe destacar, que s\u00f3lo el d\u00eda 22, se recibieron 859 requerimientos (30 veces mayor que un d\u00eda de temperaturas normales), indic\u00f3.<\/p>\n\n\n\n<p>Desde la sanitaria indicaron que, &nbsp;a pesar de los esfuerzos desplegados, la p\u00e9rdida de agua potable producto de las roturas, ha alcanzado niveles que no hacen posible sostener el normal abastecimiento de la ciudad. Si durante la madrugada de un d\u00eda normal, el consumo alcanza los 115 litros por segundo,&nbsp; durante las primeras horas de la madrugada del d\u00eda 23, el consumo se ha mantenido sobre los 420 litros por segundo. En este escenario, y con la producci\u00f3n de agua potable a su m\u00e1xima capacidad, no es posible equilibrar estos 305 litros por segundo adicionales, indicaron.&nbsp;<\/p>\n\n\n\n<p>En este contexto, el desbalance entre la oferta y la demanda de la ciudad, no permite sostener las reservas en los estanques, los que a las 03:00 am de este d\u00eda, s\u00f3lo alcanzaban al 50% de su capacidad. Cabe destacar que durante todo el d\u00eda 22 de junio, el consumo lleg\u00f3 a valores cercanos a los 700 litros por segundo, siendo normal un promedio de 350 litros por segundo.<\/p>\n\n\n\n<p>\u00abEs preciso se\u00f1alar que, a pesar de los esfuerzos desplegados, se mantienen 1.517 requerimientos pendientes de atender. El congelamiento de los medidores de consumo, primero, y luego la rotura de los mismos, sumado a las innumerables fugas interiores, hacen que estas p\u00e9rdidas aumenten la demanda normal de la poblaci\u00f3n, superando largamente los promedios habituales. Por tal raz\u00f3n y para resguardar el abastecimiento de agua potable para la ciudad, hemos procedido a efectuar dos cortes de suministro, que nos permita sostener el abastecimiento del sistema. Estas medidas han sido publicadas en nuestras redes sociales, con el objeto de informar a la comunidad sobre los sectores afectados\u00bb, explic\u00f3 el ejecutivo.<\/p>\n\n\n\n<p>Cristian Oyarz\u00fan, agreg\u00f3 que, \u00abnuestra empresa, se mantendr\u00e1 trabajando al m\u00e1ximo de sus capacidades, sin embargo, no se descartan nuevos cortes, los que ser\u00e1n avisados oportunamente. De igual forma informaremos a trav\u00e9s de nuestros canales, sobre los puntos habilitados para el abastecimiento alternativo de agua potable en diversos sectores de la ciudad, mientras se mantenga esta emergencia\u00bb.<\/p>\n\n\n\n<p>El llamado es a resguardar t\u00e9rmicamente las instalaciones domiciliarias, tanto interiores como el medidor de agua potable, y evitar el congelamiento y posterior rotura de esta infraestructura. La compa\u00f1\u00eda record\u00f3 adem\u00e1s, &nbsp;que los requerimientos t\u00e9cnicos y consultas, pueden ser efectuados directamente al n\u00famero de atenci\u00f3n a clientes 61 2 280028; tambi\u00e9n al 2 23612827 o a trav\u00e9s de la App Mizu, al +56 981747896, opci\u00f3n 6.<\/p>\n","protected":false},"excerpt":{"rendered":"<p>&nbsp;Frente a la situaci\u00f3n de bajas temperaturas que ha afectado a la regi\u00f3n, Aguas Magallanes &nbsp;inform\u00f3 que hasta este s\u00e1bado 22 reci\u00e9n pasado, ha trabajado arduamente para contener m\u00e1s de&#8230; <a class=\"read-more\" href=\"https:\/\/www.radiopresidenteibanez.cl\/web\/aguas-magallanes-se-encuentra-realizando-maniobras-en-la-red-de-agua-potable-para-mantener-las-reservas-y-asegurar-la-continuidad-del-sistema\/\">Leer m\u00e1s<\/a><\/p>\n","protected":false},"author":2,"featured_media":49319,"comment_status":"closed","ping_status":"closed","sticky":false,"template":"","format":"standard","meta":{"footnotes":""},"categories":[1],"tags":[],"class_list":["post-49318","post","type-post","status-publish","format-standard","has-post-thumbnail","hentry","category-cronica"],"_links":{"self":[{"href":"https:\/\/www.radiopresidenteibanez.cl\/web\/wp-json\/wp\/v2\/posts\/49318","targetHints":{"allow":["GET"]}}],"collection":[{"href":"https:\/\/www.radiopresidenteibanez.cl\/web\/wp-json\/wp\/v2\/posts"}],"about":[{"href":"https:\/\/www.radiopresidenteibanez.cl\/web\/wp-json\/wp\/v2\/types\/post"}],"author":[{"embeddable":true,"href":"https:\/\/www.radiopresidenteibanez.cl\/web\/wp-json\/wp\/v2\/users\/2"}],"replies":[{"embeddable":true,"href":"https:\/\/www.radiopresidenteibanez.cl\/web\/wp-json\/wp\/v2\/comments?post=49318"}],"version-history":[{"count":0,"href":"https:\/\/www.radiopresidenteibanez.cl\/web\/wp-json\/wp\/v2\/posts\/49318\/revisions"}],"wp:featuredmedia":[{"embeddable":true,"href":"https:\/\/www.radiopresidenteibanez.cl\/web\/wp-json\/wp\/v2\/media\/49319"}],"wp:attachment":[{"href":"https:\/\/www.radiopresidenteibanez.cl\/web\/wp-json\/wp\/v2\/media?parent=49318"}],"wp:term":[{"taxonomy":"category","embeddable":true,"href":"https:\/\/www.radiopresidenteibanez.cl\/web\/wp-json\/wp\/v2\/categories?post=49318"},{"taxonomy":"post_tag","embeddable":true,"href":"https:\/\/www.radiopresidenteibanez.cl\/web\/wp-json\/wp\/v2\/tags?post=49318"}],"curies":[{"name":"wp","href":"https:\/\/api.w.org\/{rel}","templated":true}]}}