{"id":4931,"date":"2019-06-10T15:35:21","date_gmt":"2019-06-10T15:35:21","guid":{"rendered":"http:\/\/www.radiopresidenteibanez.cl\/web\/?p=4931"},"modified":"2019-06-10T15:35:46","modified_gmt":"2019-06-10T15:35:46","slug":"convergencia-social-se-refiere-a-las-amenazas-sufridas-por-activista-medioambiental-de-nuestra-region","status":"publish","type":"post","link":"https:\/\/www.radiopresidenteibanez.cl\/web\/convergencia-social-se-refiere-a-las-amenazas-sufridas-por-activista-medioambiental-de-nuestra-region\/","title":{"rendered":"CONVERGENCIA SOCIAL, SE REFIERE A LAS AMENAZAS SUFRIDAS POR ACTIVISTA MEDIOAMBIENTAL DE NUESTRA REGI\u00d3N"},"content":{"rendered":"\n<p> Sobre la denuncia de amenazas a una activista medioambiental de nuestra regi\u00f3n, como Convergencia Social Magallanes, declaramos:\u00a0<br>-Una defensora regional del medioambiente ha sufrido un constante amedrentamiento por medio de publicaciones en diversas redes sociales, a trav\u00e9s de cuentas y perfiles falsos. La continuidad de estos hechos nos lleva a pensar de que se tratar\u00eda de una t\u00e1ctica definida por parte de estos agresores.<\/p>\n\n\n\n<p>-En Chile, la regulaci\u00f3n ambiental carece de instrumentos para el resguardo y protecci\u00f3n de defensoras y defensores del medio ambiente. Sabemos que entre ayer y hoy se realizan las denuncias formales respectivas a las instituciones competentes. Sin embargo, no queremos que estas amenazas se concreten para que PDI o Carabineros por fin act\u00faen. Es necesario recordar que en nuestro continente es com\u00fan la violencia y el asesinato de l\u00edderes y defensores ambientales, con un triste \u00e9nfasis en mujeres que mueren o son agredidas por exigir sus derechos, como fue en los casos de Berta C\u00e1ceres (Honduras) y Macarena Vald\u00e9s (Chile). Por tales motivos creemos que estas amenazas son hechos graves.<br><\/p>\n\n\n\n<p>&#8211; Exigimos al Estado de Chile que no contin\u00fae actuando como si estos conflictos fueran disputas privadas en la cual las instituciones p\u00fablicas no pueden intervenir. Consideramos que las posiciones de las distintas agrupaciones defensoras del medioambiente, empresas privadas y otros actores son de inter\u00e9s p\u00fablico, en cuanto involucran el futuro de comunidades, territorios y bienes de toda la ciudadan\u00eda. Es necesario por lo tanto, asegurar con todas las garant\u00edas posibles la participaci\u00f3n en las decisiones, la democracia y la justicia socioambiental. El ya famoso Acuerdo de Escaz\u00fa entre sus iniciativas promov\u00eda la generaci\u00f3n a nivel internacional de un entorno seguro para defensoras y defensores socioambientales. Considerando que el Presidente Sebasti\u00e1n Pi\u00f1era decidi\u00f3 no firmar el acuerdo, exigimos que el Gobierno se adscriba a este y avance en la generaci\u00f3n de leyes nacionales para el resguardo de las personas y organizaciones que ejercen sus derechos. No avanzar en esa direcci\u00f3n es un error del Gobierno que podr\u00eda tener consecuencias graves.<br><\/p>\n\n\n\n<p>-Las referencias de la \u00faltima amenaza recibida de \u201cdinamitar\u201d y \u201ctronar\u201d a una persona nos invitan a pensar que en nuestra regi\u00f3n existen conflictos que est\u00e1n en escalada. Invitamos a todos los actores involucrados en ellos a evitar cualquier hecho de violencia y condenar en\u00e9rgicamente cualquier iniciativa, por peque\u00f1a que sea, que promueva el miedo o ponga en peligro la integridad de la comunidad magall\u00e1nica. Rechazamos de manera en\u00e9rgica amenazas que atenten contra la libertad de personas que con justicia y democracia llevan a cabo luchas sociales en defensa del medio ambiente. Solidarizamos con quienes cuya vida es vulnerada y amenazada por intereses privados a lo largo de todo el territorio nacional.<br><\/p>\n\n\n\n<p>CONVERGENCIA SOCIAL MAGALLANES <\/p>\n","protected":false},"excerpt":{"rendered":"<p>Sobre la denuncia de amenazas a una activista medioambiental de nuestra regi\u00f3n, como Convergencia Social Magallanes, declaramos:\u00a0-Una defensora regional del medioambiente ha sufrido un constante amedrentamiento por medio de publicaciones&#8230; <a class=\"read-more\" href=\"https:\/\/www.radiopresidenteibanez.cl\/web\/convergencia-social-se-refiere-a-las-amenazas-sufridas-por-activista-medioambiental-de-nuestra-region\/\">Leer m\u00e1s<\/a><\/p>\n","protected":false},"author":2,"featured_media":740,"comment_status":"closed","ping_status":"closed","sticky":false,"template":"","format":"standard","meta":{"footnotes":""},"categories":[1],"tags":[],"class_list":["post-4931","post","type-post","status-publish","format-standard","has-post-thumbnail","hentry","category-cronica"],"_links":{"self":[{"href":"https:\/\/www.radiopresidenteibanez.cl\/web\/wp-json\/wp\/v2\/posts\/4931","targetHints":{"allow":["GET"]}}],"collection":[{"href":"https:\/\/www.radiopresidenteibanez.cl\/web\/wp-json\/wp\/v2\/posts"}],"about":[{"href":"https:\/\/www.radiopresidenteibanez.cl\/web\/wp-json\/wp\/v2\/types\/post"}],"author":[{"embeddable":true,"href":"https:\/\/www.radiopresidenteibanez.cl\/web\/wp-json\/wp\/v2\/users\/2"}],"replies":[{"embeddable":true,"href":"https:\/\/www.radiopresidenteibanez.cl\/web\/wp-json\/wp\/v2\/comments?post=4931"}],"version-history":[{"count":0,"href":"https:\/\/www.radiopresidenteibanez.cl\/web\/wp-json\/wp\/v2\/posts\/4931\/revisions"}],"wp:featuredmedia":[{"embeddable":true,"href":"https:\/\/www.radiopresidenteibanez.cl\/web\/wp-json\/wp\/v2\/media\/740"}],"wp:attachment":[{"href":"https:\/\/www.radiopresidenteibanez.cl\/web\/wp-json\/wp\/v2\/media?parent=4931"}],"wp:term":[{"taxonomy":"category","embeddable":true,"href":"https:\/\/www.radiopresidenteibanez.cl\/web\/wp-json\/wp\/v2\/categories?post=4931"},{"taxonomy":"post_tag","embeddable":true,"href":"https:\/\/www.radiopresidenteibanez.cl\/web\/wp-json\/wp\/v2\/tags?post=4931"}],"curies":[{"name":"wp","href":"https:\/\/api.w.org\/{rel}","templated":true}]}}