{"id":49309,"date":"2024-06-21T12:32:00","date_gmt":"2024-06-21T15:32:00","guid":{"rendered":"https:\/\/www.radiopresidenteibanez.cl\/web\/?p=49309"},"modified":"2024-06-21T11:25:46","modified_gmt":"2024-06-21T14:25:46","slug":"san-gregorio-celebra-las-primeras-calles-pavimentadas-de-la-comuna","status":"publish","type":"post","link":"https:\/\/www.radiopresidenteibanez.cl\/web\/san-gregorio-celebra-las-primeras-calles-pavimentadas-de-la-comuna\/","title":{"rendered":"SAN GREGORIO CELEBRA LAS PRIMERAS CALLES PAVIMENTADAS DE LA COMUNA"},"content":{"rendered":"\n<p>A trav\u00e9s del Llamado N\u00b0 31 del Programa Pavimentos Participativos, por primera vez se pavimentaron calles en la comuna de San Gregorio, en el centro de Villa Punta Delgada. Se construyeron un total de 846 m. en las calles ubicadas alrededor de la Plaza de Armas de la comuna: Vapor Amadeo, Aonikenk y Don Bosco.<\/p>\n\n\n\n<p>El alcalde protocolar de San Gregorio, Manuel Mansilla Garc\u00eda, se\u00f1al\u00f3 que \u201ces un gran avance para San Gregorio. Con la pavimentaci\u00f3n de estas calles, disminuimos bastante el barro, tenemos un mayor control vehicular y lo m\u00e1s importante es que los ni\u00f1os podr\u00e1n participar con sus bicicletas en las nuevas ciclov\u00edas. Esto es descentralizar y avanzar como comuna, dejando un poco de lado ruralidad; tener m\u00e1s urbanizaci\u00f3n dentro de Villa Punta Delgada\u201d.<\/p>\n\n\n\n<p>La inversi\u00f3n total de esta obra fue de 1.350 millones de pesos, por parte del Ministerio de Vivienda y Urbanismo. El monto global considera tambi\u00e9n el aporte efectuado por el Municipio y de vecinos y vecinas de San Gregorio.<\/p>\n\n\n\n<p>El Seremi de Vivienda y Urbanismo, Marco Uribe Saldivia, expres\u00f3 \u201ca trav\u00e9s de nuestro Plan Ciudades Justas estamos desplegados en todo el territorio regional. Seguimos avanzando, a\u00fan queda trabajo por hacer en Villa Punta Delgada y esperamos poder postular en los pr\u00f3ximos llamados los dos kil\u00f3metros que quedan por pavimentar\u201d.<\/p>\n\n\n\n<p>Por su parte, el Director Regional (S) del SERVIU, Omar Gonz\u00e1lez Asenjo, inform\u00f3 que, adem\u00e1s de la pavimentaci\u00f3n de casi un kil\u00f3metro de calzadas y aceras, se construyeron ciclov\u00edas, se\u00f1alizaci\u00f3n y demarcaci\u00f3n de pavimentos, obras de aguas lluvias, iluminaci\u00f3n con cableado soterrado, paisajismo y mobiliario urbano.<\/p>\n\n\n\n<p>Cabe se\u00f1alar que la pavimentaci\u00f3n de aceras incorpora elementos con pertinencia cultural en armon\u00eda con la Plaza de Armas de la comuna, como son iconograf\u00eda aonikenk y uso de piedra en zonas de paisajismo.&nbsp;<\/p>\n","protected":false},"excerpt":{"rendered":"<p>A trav\u00e9s del Llamado N\u00b0 31 del Programa Pavimentos Participativos, por primera vez se pavimentaron calles en la comuna de San Gregorio, en el centro de Villa Punta Delgada. Se&#8230; <a class=\"read-more\" href=\"https:\/\/www.radiopresidenteibanez.cl\/web\/san-gregorio-celebra-las-primeras-calles-pavimentadas-de-la-comuna\/\">Leer m\u00e1s<\/a><\/p>\n","protected":false},"author":2,"featured_media":49310,"comment_status":"closed","ping_status":"closed","sticky":false,"template":"","format":"standard","meta":{"footnotes":""},"categories":[1],"tags":[],"class_list":["post-49309","post","type-post","status-publish","format-standard","has-post-thumbnail","hentry","category-cronica"],"_links":{"self":[{"href":"https:\/\/www.radiopresidenteibanez.cl\/web\/wp-json\/wp\/v2\/posts\/49309","targetHints":{"allow":["GET"]}}],"collection":[{"href":"https:\/\/www.radiopresidenteibanez.cl\/web\/wp-json\/wp\/v2\/posts"}],"about":[{"href":"https:\/\/www.radiopresidenteibanez.cl\/web\/wp-json\/wp\/v2\/types\/post"}],"author":[{"embeddable":true,"href":"https:\/\/www.radiopresidenteibanez.cl\/web\/wp-json\/wp\/v2\/users\/2"}],"replies":[{"embeddable":true,"href":"https:\/\/www.radiopresidenteibanez.cl\/web\/wp-json\/wp\/v2\/comments?post=49309"}],"version-history":[{"count":0,"href":"https:\/\/www.radiopresidenteibanez.cl\/web\/wp-json\/wp\/v2\/posts\/49309\/revisions"}],"wp:featuredmedia":[{"embeddable":true,"href":"https:\/\/www.radiopresidenteibanez.cl\/web\/wp-json\/wp\/v2\/media\/49310"}],"wp:attachment":[{"href":"https:\/\/www.radiopresidenteibanez.cl\/web\/wp-json\/wp\/v2\/media?parent=49309"}],"wp:term":[{"taxonomy":"category","embeddable":true,"href":"https:\/\/www.radiopresidenteibanez.cl\/web\/wp-json\/wp\/v2\/categories?post=49309"},{"taxonomy":"post_tag","embeddable":true,"href":"https:\/\/www.radiopresidenteibanez.cl\/web\/wp-json\/wp\/v2\/tags?post=49309"}],"curies":[{"name":"wp","href":"https:\/\/api.w.org\/{rel}","templated":true}]}}