{"id":49295,"date":"2024-06-21T08:06:05","date_gmt":"2024-06-21T11:06:05","guid":{"rendered":"https:\/\/www.radiopresidenteibanez.cl\/web\/?p=49295"},"modified":"2024-06-21T08:06:09","modified_gmt":"2024-06-21T11:06:09","slug":"serviu-informa-sobre-emergencia-condominio-tierra-austral-1","status":"publish","type":"post","link":"https:\/\/www.radiopresidenteibanez.cl\/web\/serviu-informa-sobre-emergencia-condominio-tierra-austral-1\/","title":{"rendered":"SERVIU INFORMA SOBRE EMERGENCIA CONDOMINIO TIERRA AUSTRAL 1"},"content":{"rendered":"\n<p>Con respecto a la emergencia ocurrida durante la madrugada de este jueves 20 de junio en el condominio Tierra Austral 1, el Servicio de Vivienda y Urbanizaci\u00f3n (Serviu) informa lo siguiente:<br>1.- Que producto de las condiciones clim\u00e1ticas, se produjeron filtraciones de agua desde la cubierta, en departamento del quinto piso del block C.<br>2.- Con la coordinaci\u00f3n de Serviu, la constructora Salfa, revis\u00f3 la cubierta del edificio, determinando, preliminarmente, que el congelamiento de la techumbre provoc\u00f3 la ruptura de la ventosa de la red h\u00fameda, lo que, junto con la acumulaci\u00f3n de nieve, y el congelamiento de las canaletas provocaron, al deshielar, el rebalse de la cubierta y la filtraci\u00f3n hacia el interior del edificio.<br>3.- Para evitar la ocurrencia de otros problemas por esta causa, la empresa realiz\u00f3 una mantenci\u00f3n preventiva de todos los edificios del condominio, con limpieza de canaletas y bajadas de aguas lluvias.<br>4.- Adem\u00e1s, la familia afectada fue traslada a un alojamiento provisorio, mientras la empresa realiza las reparaciones en la cubierta del edificio y al interior del departamento.<br>5.- Asimismo, en los otros edificios del conjunto, tanto entregados como por entregar, se revisar\u00e1 el sistema constructivo para evitar que se produzca una situaci\u00f3n similar.<br>6.- Serviu lamenta la situaci\u00f3n que afect\u00f3 a los copropietarios de este condominio e informa que realizar\u00e1 seguimiento a la soluci\u00f3n definitiva de esta problem\u00e1tica.<\/p>\n","protected":false},"excerpt":{"rendered":"<p>Con respecto a la emergencia ocurrida durante la madrugada de este jueves 20 de junio en el condominio Tierra Austral 1, el Servicio de Vivienda y Urbanizaci\u00f3n (Serviu) informa lo&#8230; <a class=\"read-more\" href=\"https:\/\/www.radiopresidenteibanez.cl\/web\/serviu-informa-sobre-emergencia-condominio-tierra-austral-1\/\">Leer m\u00e1s<\/a><\/p>\n","protected":false},"author":2,"featured_media":49296,"comment_status":"closed","ping_status":"closed","sticky":false,"template":"","format":"standard","meta":{"footnotes":""},"categories":[1],"tags":[],"class_list":["post-49295","post","type-post","status-publish","format-standard","has-post-thumbnail","hentry","category-cronica"],"_links":{"self":[{"href":"https:\/\/www.radiopresidenteibanez.cl\/web\/wp-json\/wp\/v2\/posts\/49295","targetHints":{"allow":["GET"]}}],"collection":[{"href":"https:\/\/www.radiopresidenteibanez.cl\/web\/wp-json\/wp\/v2\/posts"}],"about":[{"href":"https:\/\/www.radiopresidenteibanez.cl\/web\/wp-json\/wp\/v2\/types\/post"}],"author":[{"embeddable":true,"href":"https:\/\/www.radiopresidenteibanez.cl\/web\/wp-json\/wp\/v2\/users\/2"}],"replies":[{"embeddable":true,"href":"https:\/\/www.radiopresidenteibanez.cl\/web\/wp-json\/wp\/v2\/comments?post=49295"}],"version-history":[{"count":0,"href":"https:\/\/www.radiopresidenteibanez.cl\/web\/wp-json\/wp\/v2\/posts\/49295\/revisions"}],"wp:featuredmedia":[{"embeddable":true,"href":"https:\/\/www.radiopresidenteibanez.cl\/web\/wp-json\/wp\/v2\/media\/49296"}],"wp:attachment":[{"href":"https:\/\/www.radiopresidenteibanez.cl\/web\/wp-json\/wp\/v2\/media?parent=49295"}],"wp:term":[{"taxonomy":"category","embeddable":true,"href":"https:\/\/www.radiopresidenteibanez.cl\/web\/wp-json\/wp\/v2\/categories?post=49295"},{"taxonomy":"post_tag","embeddable":true,"href":"https:\/\/www.radiopresidenteibanez.cl\/web\/wp-json\/wp\/v2\/tags?post=49295"}],"curies":[{"name":"wp","href":"https:\/\/api.w.org\/{rel}","templated":true}]}}