{"id":49292,"date":"2024-06-20T13:20:00","date_gmt":"2024-06-20T16:20:00","guid":{"rendered":"https:\/\/www.radiopresidenteibanez.cl\/web\/?p=49292"},"modified":"2024-06-20T11:40:04","modified_gmt":"2024-06-20T14:40:04","slug":"con-himno-y-conversatorio-realzan-buen-trato-a-personas-mayores-desde-magallanes","status":"publish","type":"post","link":"https:\/\/www.radiopresidenteibanez.cl\/web\/con-himno-y-conversatorio-realzan-buen-trato-a-personas-mayores-desde-magallanes\/","title":{"rendered":"CON HIMNO Y CONVERSATORIO REALZAN BUEN TRATO A PERSONAS MAYORES DESDE MAGALLANES"},"content":{"rendered":"\n<p>El 15 de junio se conmemora el D\u00eda Mundial de Toma de Conciencia del Abuso y Maltrato en la<br>Vejez, instancia que busca promover los derechos de la tercera edad y un buen trato<br>intergeneracional dentro de una sociedad que valora y respeta a las personas mayores. De ah\u00ed el<br>relevante paso dado hoy en esta causa que, desde un c\u00e9ntrico caf\u00e9 en Magallanes, congreg\u00f3 a<br>l\u00edderes y agentes comprometidos con los derechos de este segmento etario, para dar cabida al<br>lanzamiento del \u201cHimno de los Derechos de las Personas Mayores\u201d y el conversatorio \u00abEnvejecer<br>con Derechos, Orgullo y Buen Trato\u00bb.<br>La iniciativa, enmarcada en el Mes del Buen Trato a las personas mayores, cont\u00f3 con la presencia<br>de la Seremi de Justicia y Derechos Humanos, Michelle Peutat Alvarado; el Coordinador Regional<br>del Servicio Nacional del Adulto Mayor de Magallanes (SENAMA), Nicol\u00e1s Soto C\u00e1rdenas; el<br>Secretario Ejecutivo de la Red de Cuidados Magallanes, Luis Mu\u00f1oz Soto; y el Presidente de la<br>Fundaci\u00f3n Derechos Mayores, Michel Toledo Ortiz.<br>Abri\u00f3 el evento Mar\u00eda Jos\u00e9 Opazo Pizarro, representante de Be Happy Caf\u00e9 y firme adherente a<br>esta campa\u00f1a, destacando que \u201cenvejecer con orgullo es un derecho fundamental que todos<br>debemos defender, independientemente de nuestra edad, orientaci\u00f3n sexual, identidad de<br>g\u00e9nero\u201d.<br>Michel Toledo, de Fundaci\u00f3n Derechos Mayores, realz\u00f3 el convocar a la sociedad y a las<br>autoridades a plantearnos como queremos abordar las necesidades de la sociedad que est\u00e1<br>envejeciendo. Aqu\u00ed, subray\u00f3 la importancia de envejecer con derechos y buen trato, y que<br>nuestros adultos mayores se puedan visibilizar como personas activas en la sociedad, con derecho a tener una oferta laboral, a desplazarse libremente por la ciudad y a recibir acompa\u00f1amiento si est\u00e1n en situaci\u00f3n de soledad. En suma, tener el derecho a envejecer con orgullo y avanzar hacia una sociedad m\u00e1s inclusiva y respetuosa, donde las personas mayores sean vistas y tratadas como miembros valiosos de ella.<br>Un momento especial fue la presentaci\u00f3n del esperado himno y video, creado con la ayuda de<br>inteligencia artificial y el infatigable impulso de la organizaci\u00f3n convocante, con presencia internacional, y que sirvi\u00f3 de motivaci\u00f3n para el conversatorio, en procura de inspirar y sensibilizar sobre la importancia del buen trato y el respeto hacia nuestros mayores.<br>A su vez, la Seremi Michelle Peutat agradeci\u00f3 a Fundaci\u00f3n Derechos Mayores por la invitaci\u00f3n a<br>esta significativa cita, destacando que su ministerio se ha dedicado a trabajar en el \u00e1mbito de<br>justicia y tambi\u00e9n en la promoci\u00f3n en materia de Derechos Humanos, como pilares fundamentales para garantizar una vida digna y respetuosa para nuestros mayores. Aun cuando hemos avanzado como pa\u00eds en la creaci\u00f3n de pol\u00edticas que protegen y promueven estos derechos, manifest\u00f3 que a\u00fan tenemos mucho por hacer. Por ello, valor\u00f3 esta instancia para discutir junto a personas mayores sobre sus inquietudes, el envejecimiento activo, sensibilizar en torno a una poblaci\u00f3n que va en crecimiento a nivel nacional y especialmente en Magallanes, y problematizar sobre las obligaciones del Estado en materia de Derechos Humanos de personas mayores.<br>Por su parte, el Coordinador Regional de SENAMA, Nicol\u00e1s Soto, remarc\u00f3 que \u201cen Chile, ser viejo<br>presenta muchos desaf\u00edos, pero tambi\u00e9n oportunidades. Desde SENAMA, estamos comprometidos a mejorar la calidad de vida de las personas mayores a trav\u00e9s de pol\u00edticas inclusivas y programasde apoyo\u201d. Para ello, destac\u00f3 el potenciar hoy en d\u00eda estos espacios, conversatorios y di\u00e1logos con diferentes generaciones para promover un envejecimiento digno, activo y saludable para las personas mayores de hoy, y tambi\u00e9n para las del futuro.<br>La cita finaliz\u00f3 con una foto grupal por el buen trato y un caf\u00e9, no sin antes compartir una sentida lectura a cargo de Blanca G\u00e1lvez Rivera, Presidenta de la Agrupaci\u00f3n Plumas Literarias, sobre textos de Luc\u00eda Yarad: \u201cY a la hora del no ser a\u00fan llevar\u00e9 conmigo la pregunta que me acosa: Y qu\u00e9 m\u00e1s, y qu\u00e9 m\u00e1s puedo esperar de la vida?\u201d.<\/p>\n","protected":false},"excerpt":{"rendered":"<p>El 15 de junio se conmemora el D\u00eda Mundial de Toma de Conciencia del Abuso y Maltrato en laVejez, instancia que busca promover los derechos de la tercera edad y&#8230; <a class=\"read-more\" href=\"https:\/\/www.radiopresidenteibanez.cl\/web\/con-himno-y-conversatorio-realzan-buen-trato-a-personas-mayores-desde-magallanes\/\">Leer m\u00e1s<\/a><\/p>\n","protected":false},"author":2,"featured_media":49293,"comment_status":"closed","ping_status":"closed","sticky":false,"template":"","format":"standard","meta":{"footnotes":""},"categories":[1],"tags":[],"class_list":["post-49292","post","type-post","status-publish","format-standard","has-post-thumbnail","hentry","category-cronica"],"_links":{"self":[{"href":"https:\/\/www.radiopresidenteibanez.cl\/web\/wp-json\/wp\/v2\/posts\/49292","targetHints":{"allow":["GET"]}}],"collection":[{"href":"https:\/\/www.radiopresidenteibanez.cl\/web\/wp-json\/wp\/v2\/posts"}],"about":[{"href":"https:\/\/www.radiopresidenteibanez.cl\/web\/wp-json\/wp\/v2\/types\/post"}],"author":[{"embeddable":true,"href":"https:\/\/www.radiopresidenteibanez.cl\/web\/wp-json\/wp\/v2\/users\/2"}],"replies":[{"embeddable":true,"href":"https:\/\/www.radiopresidenteibanez.cl\/web\/wp-json\/wp\/v2\/comments?post=49292"}],"version-history":[{"count":0,"href":"https:\/\/www.radiopresidenteibanez.cl\/web\/wp-json\/wp\/v2\/posts\/49292\/revisions"}],"wp:featuredmedia":[{"embeddable":true,"href":"https:\/\/www.radiopresidenteibanez.cl\/web\/wp-json\/wp\/v2\/media\/49293"}],"wp:attachment":[{"href":"https:\/\/www.radiopresidenteibanez.cl\/web\/wp-json\/wp\/v2\/media?parent=49292"}],"wp:term":[{"taxonomy":"category","embeddable":true,"href":"https:\/\/www.radiopresidenteibanez.cl\/web\/wp-json\/wp\/v2\/categories?post=49292"},{"taxonomy":"post_tag","embeddable":true,"href":"https:\/\/www.radiopresidenteibanez.cl\/web\/wp-json\/wp\/v2\/tags?post=49292"}],"curies":[{"name":"wp","href":"https:\/\/api.w.org\/{rel}","templated":true}]}}