{"id":4927,"date":"2019-06-10T12:58:39","date_gmt":"2019-06-10T12:58:39","guid":{"rendered":"http:\/\/www.radiopresidenteibanez.cl\/web\/?p=4927"},"modified":"2019-06-10T12:59:05","modified_gmt":"2019-06-10T12:59:05","slug":"magallanes-aporto-sus-propuestas-regionales-para-plan-nacional-de-restauracion-a-escala-de-paisajes","status":"publish","type":"post","link":"https:\/\/www.radiopresidenteibanez.cl\/web\/magallanes-aporto-sus-propuestas-regionales-para-plan-nacional-de-restauracion-a-escala-de-paisajes\/","title":{"rendered":"MAGALLANES APORT\u00d3 SUS PROPUESTAS REGIONALES PARA PLAN NACIONAL DE RESTAURACI\u00d3N A ESCALA DE PAISAJES"},"content":{"rendered":"\n<p>En una actividad coordinada a trav\u00e9s de la Seremi de Agricultura y de Medio Ambiente, profesionales del mundo del agro, instituciones p\u00fablicas, privadas, centros de investigaci\u00f3n y de educaci\u00f3n superior, se dieron cita en el Auditorio de Contralor\u00eda para participar de un taller que aport\u00f3 los insumos para la elaboraci\u00f3n del Plan Nacional de Restauraci\u00f3n a Escala de Paisajes.<\/p>\n\n\n\n<p>Canalizado a trav\u00e9s de los profesionales del Departamento de Desarrollo y Fomento Forestal de CONAF y de la Seremi de Medio Ambiente, en el taller se utiliz\u00f3 una metodolog\u00eda que permiti\u00f3 canalizar las visiones de los participantes y aportar el \u00e9nfasis regional que requiere el Plan Nacional, el cual busca convertirse en un instrumento para la gesti\u00f3n y uso&nbsp; que a nivel p\u00fablico y privado se le da al territorio en el pa\u00eds.<\/p>\n\n\n\n<p>De acuerdo a los objetivos que Conaf plantea respecto al Plan Nacional se busca promover el enfoque de restauraci\u00f3n integral a escala de paisaje para recuperar la funcionalidad de los ecosistemas y suelos degradados mediante la generaci\u00f3n de los servicios ecosist\u00e9micos, la resiliencia de los territorios, mejorar la productividad y preparar a las comunidades ante los impactos del cambio clim\u00e1tico. Con esta perspectiva, la restauraci\u00f3n es un proceso continuo de recuperaci\u00f3n de las funciones ecol\u00f3gicas de los bosques y de mejoramiento del bienestar humano.<\/p>\n\n\n\n<p>De esta forma, la regi\u00f3n de Magallanes cumple con aportar sus \u00e9nfasis a nivel regional para el taller que definir\u00e1 el Plan nacional de Restauraci\u00f3n a Escala de Paisajes, considerando que todas las regiones deben hacerlo, y que el Gobierno dar\u00e1 a conocer durante el mediano plazo.<\/p>\n\n\n\n<p>Para los organizadores, el taller tuvo un \u00f3ptimo resultado ya que, adem\u00e1s de lograr desarrollar la metodolog\u00eda, el aporte regional permitir\u00e1 una vez presentado el Plan Nacional que \u00e9ste se convierta en un valioso instrumento de gesti\u00f3n territorial para que en el futuro sea aplicado\u00a0 en las \u00e1reas priorizadas que se definan.<\/p>\n\n\n\n<figure class=\"wp-block-image\"><img loading=\"lazy\" decoding=\"async\" width=\"900\" height=\"599\" src=\"https:\/\/www.radiopresidenteibanez.cl\/web\/wp-content\/uploads\/2019\/06\/La-actividad-aportar\u00e1-los-insumos-regionales-al-Pan-Nacional-de-Restauraci\u00f3n.jpg\" alt=\"\" class=\"wp-image-4928\" srcset=\"https:\/\/www.radiopresidenteibanez.cl\/web\/wp-content\/uploads\/2019\/06\/La-actividad-aportar\u00e1-los-insumos-regionales-al-Pan-Nacional-de-Restauraci\u00f3n.jpg 900w, https:\/\/www.radiopresidenteibanez.cl\/web\/wp-content\/uploads\/2019\/06\/La-actividad-aportar\u00e1-los-insumos-regionales-al-Pan-Nacional-de-Restauraci\u00f3n-300x200.jpg 300w, https:\/\/www.radiopresidenteibanez.cl\/web\/wp-content\/uploads\/2019\/06\/La-actividad-aportar\u00e1-los-insumos-regionales-al-Pan-Nacional-de-Restauraci\u00f3n-768x511.jpg 768w\" sizes=\"auto, (max-width: 900px) 100vw, 900px\" \/><\/figure>\n","protected":false},"excerpt":{"rendered":"<p>En una actividad coordinada a trav\u00e9s de la Seremi de Agricultura y de Medio Ambiente, profesionales del mundo del agro, instituciones p\u00fablicas, privadas, centros de investigaci\u00f3n y de educaci\u00f3n superior,&#8230; <a class=\"read-more\" href=\"https:\/\/www.radiopresidenteibanez.cl\/web\/magallanes-aporto-sus-propuestas-regionales-para-plan-nacional-de-restauracion-a-escala-de-paisajes\/\">Leer m\u00e1s<\/a><\/p>\n","protected":false},"author":2,"featured_media":4928,"comment_status":"closed","ping_status":"closed","sticky":false,"template":"","format":"standard","meta":{"footnotes":""},"categories":[1],"tags":[],"class_list":["post-4927","post","type-post","status-publish","format-standard","has-post-thumbnail","hentry","category-cronica"],"_links":{"self":[{"href":"https:\/\/www.radiopresidenteibanez.cl\/web\/wp-json\/wp\/v2\/posts\/4927","targetHints":{"allow":["GET"]}}],"collection":[{"href":"https:\/\/www.radiopresidenteibanez.cl\/web\/wp-json\/wp\/v2\/posts"}],"about":[{"href":"https:\/\/www.radiopresidenteibanez.cl\/web\/wp-json\/wp\/v2\/types\/post"}],"author":[{"embeddable":true,"href":"https:\/\/www.radiopresidenteibanez.cl\/web\/wp-json\/wp\/v2\/users\/2"}],"replies":[{"embeddable":true,"href":"https:\/\/www.radiopresidenteibanez.cl\/web\/wp-json\/wp\/v2\/comments?post=4927"}],"version-history":[{"count":0,"href":"https:\/\/www.radiopresidenteibanez.cl\/web\/wp-json\/wp\/v2\/posts\/4927\/revisions"}],"wp:featuredmedia":[{"embeddable":true,"href":"https:\/\/www.radiopresidenteibanez.cl\/web\/wp-json\/wp\/v2\/media\/4928"}],"wp:attachment":[{"href":"https:\/\/www.radiopresidenteibanez.cl\/web\/wp-json\/wp\/v2\/media?parent=4927"}],"wp:term":[{"taxonomy":"category","embeddable":true,"href":"https:\/\/www.radiopresidenteibanez.cl\/web\/wp-json\/wp\/v2\/categories?post=4927"},{"taxonomy":"post_tag","embeddable":true,"href":"https:\/\/www.radiopresidenteibanez.cl\/web\/wp-json\/wp\/v2\/tags?post=4927"}],"curies":[{"name":"wp","href":"https:\/\/api.w.org\/{rel}","templated":true}]}}