{"id":49244,"date":"2024-06-18T12:53:00","date_gmt":"2024-06-18T15:53:00","guid":{"rendered":"https:\/\/www.radiopresidenteibanez.cl\/web\/?p=49244"},"modified":"2024-06-18T11:34:00","modified_gmt":"2024-06-18T14:34:00","slug":"magallanes-fondo-de-acceso-a-la-energia-2024-ya-abrio-sus-postulaciones","status":"publish","type":"post","link":"https:\/\/www.radiopresidenteibanez.cl\/web\/magallanes-fondo-de-acceso-a-la-energia-2024-ya-abrio-sus-postulaciones\/","title":{"rendered":"MAGALLANES: FONDO DE ACCESO A LA ENERGIA 2024 YA ABRIO SUS POSTULACIONES"},"content":{"rendered":"\n<p>El Seremi de Energ\u00eda de Magallanes,\u202fSergio Cuiti\u00f1o, anunci\u00f3 esta semana la apertura de la 7ma versi\u00f3n del Fondo de Acceso a la Energ\u00eda, FAE 2024.<\/p>\n\n\n\n<p>El fondo busca apoyar a organizaciones sin fines de lucro que tengan por objeto representar y promover intereses espec\u00edficos en el territorio.<\/p>\n\n\n\n<p><strong>DOBLE IMPACTO DEL CONCURSO<\/strong><\/p>\n\n\n\n<p>Al respecto, Ricardo Lobos, Jefe de la Divisi\u00f3n de Acceso y Desarrollo Social detall\u00f3 las caracter\u00edsticas y alcance del concurso, y por qu\u00e9 todav\u00eda hay brechas de acceso que no permiten llegar con energ\u00eda a todos los lugares, impedido por la calidad del suministro energ\u00e9tico, la dispersi\u00f3n territorial, y los desastres naturales.<\/p>\n\n\n\n<p>Tras la presentaci\u00f3n del FAE a nivel nacional, el seremi Sergio Cuiti\u00f1o destac\u00f3 que el programa es, por una parte, \u201cuna buena oportunidad de crecimiento que sumar\u00e1 experiencia a los formuladores, desarrolladores u operadores de sistemas energ\u00e9ticos locales; y por otra, tambi\u00e9n podr\u00eda servir para ampliarse como prestadores de servicios de mantenci\u00f3n\u201d.<\/p>\n\n\n\n<p>\u201cQueremos que tanto desarrolladores como organizaciones que postulen al FAE 2024 se vean beneficiados a trav\u00e9s de las dos soluciones energ\u00e9ticas que este a\u00f1o financiar\u00e1 el programa\u201d, expuso la autoridad regional de Energ\u00eda.<\/p>\n\n\n\n<p><strong>SOLUCIONES ENERG\u00c9TICAS Y BENEFICIARIOS<\/strong><\/p>\n\n\n\n<p>El FAE 2024 dispondr\u00e1 nuevamente de dos soluciones energ\u00e9ticas: sistema fotovoltaico con o sin almacenamiento en bater\u00edas de hasta 10 kW de potencia, o un sistema solar t\u00e9rmico para calentamiento de agua sanitaria de hasta 1.500 litros.<\/p>\n\n\n\n<p>Al respecto, Cuiti\u00f1o precis\u00f3 que otro los objetivos centrales del concurso, \u201ces beneficiar a las instituciones con rol p\u00fablico, a trav\u00e9s de la implementaci\u00f3n de estas dos soluciones energ\u00e9ticas a fin de que les permitan acceso y\/o mejoramiento de su suministro energ\u00e9tico a trav\u00e9s del financiamiento de proyectos a peque\u00f1a escala con fuentes renovables de energ\u00eda\u201d.<\/p>\n\n\n\n<p>Seg\u00fan las bases del concurso, podr\u00e1n postular las comunidades y asociaciones ind\u00edgenas reguladas en la Ley N\u00b019.253, que establece normas sobre protecci\u00f3n, fomento y desarrollo de los ind\u00edgenas, y crea la Corporaci\u00f3n Nacional de Desarrollo Ind\u00edgena.<\/p>\n\n\n\n<p>Asimismo, podr\u00e1n hacerlo las organizaciones comunitarias constituidas al amparo de la Ley N\u00b019.418, que establece normas sobre juntas de vecinos y dem\u00e1s organizaciones comunitarias, cuyo inmueble postulado para instalar la soluci\u00f3n energ\u00e9tica, tenga uso comunitario permanente, y sin fines de lucro.<\/p>\n\n\n\n<p>A ellas se suman las personas jur\u00eddicas sin fines de lucro registradas en el catastro de organizaciones de inter\u00e9s p\u00fablico de la Ley N\u00b020.500, sobre asociaciones y participaci\u00f3n ciudadana en la gesti\u00f3n p\u00fablica, tales como fundaciones, corporaciones, ONG, asociaciones, entre otras.<\/p>\n\n\n\n<p>Y finalmente, tambi\u00e9n los Cuerpos de Bomberos constituidos en el sistema nacional de bomberos de acuerdo con la Ley N\u00b020.564, que establece la ley marco de los Bomberos de Chile.<\/p>\n\n\n\n<p>Para m\u00e1s informaci\u00f3n de este fondo, puede ingresar a&nbsp;<a href=\"http:\/\/www.energia.gob.cl\/fae\" target=\"_blank\" rel=\"noreferrer noopener\">www.energia.gob.cl\/fae<\/a>.&nbsp;<\/p>\n","protected":false},"excerpt":{"rendered":"<p>El Seremi de Energ\u00eda de Magallanes,\u202fSergio Cuiti\u00f1o, anunci\u00f3 esta semana la apertura de la 7ma versi\u00f3n del Fondo de Acceso a la Energ\u00eda, FAE 2024. El fondo busca apoyar a&#8230; <a class=\"read-more\" href=\"https:\/\/www.radiopresidenteibanez.cl\/web\/magallanes-fondo-de-acceso-a-la-energia-2024-ya-abrio-sus-postulaciones\/\">Leer m\u00e1s<\/a><\/p>\n","protected":false},"author":2,"featured_media":49245,"comment_status":"closed","ping_status":"closed","sticky":false,"template":"","format":"standard","meta":{"footnotes":""},"categories":[1],"tags":[],"class_list":["post-49244","post","type-post","status-publish","format-standard","has-post-thumbnail","hentry","category-cronica"],"_links":{"self":[{"href":"https:\/\/www.radiopresidenteibanez.cl\/web\/wp-json\/wp\/v2\/posts\/49244","targetHints":{"allow":["GET"]}}],"collection":[{"href":"https:\/\/www.radiopresidenteibanez.cl\/web\/wp-json\/wp\/v2\/posts"}],"about":[{"href":"https:\/\/www.radiopresidenteibanez.cl\/web\/wp-json\/wp\/v2\/types\/post"}],"author":[{"embeddable":true,"href":"https:\/\/www.radiopresidenteibanez.cl\/web\/wp-json\/wp\/v2\/users\/2"}],"replies":[{"embeddable":true,"href":"https:\/\/www.radiopresidenteibanez.cl\/web\/wp-json\/wp\/v2\/comments?post=49244"}],"version-history":[{"count":0,"href":"https:\/\/www.radiopresidenteibanez.cl\/web\/wp-json\/wp\/v2\/posts\/49244\/revisions"}],"wp:featuredmedia":[{"embeddable":true,"href":"https:\/\/www.radiopresidenteibanez.cl\/web\/wp-json\/wp\/v2\/media\/49245"}],"wp:attachment":[{"href":"https:\/\/www.radiopresidenteibanez.cl\/web\/wp-json\/wp\/v2\/media?parent=49244"}],"wp:term":[{"taxonomy":"category","embeddable":true,"href":"https:\/\/www.radiopresidenteibanez.cl\/web\/wp-json\/wp\/v2\/categories?post=49244"},{"taxonomy":"post_tag","embeddable":true,"href":"https:\/\/www.radiopresidenteibanez.cl\/web\/wp-json\/wp\/v2\/tags?post=49244"}],"curies":[{"name":"wp","href":"https:\/\/api.w.org\/{rel}","templated":true}]}}