{"id":49241,"date":"2024-06-18T11:45:00","date_gmt":"2024-06-18T14:45:00","guid":{"rendered":"https:\/\/www.radiopresidenteibanez.cl\/web\/?p=49241"},"modified":"2024-06-18T09:42:35","modified_gmt":"2024-06-18T12:42:35","slug":"se-abrio-postulacion-para-la-sexta-version-del-concurso-de-comentarios-de-sentencias","status":"publish","type":"post","link":"https:\/\/www.radiopresidenteibanez.cl\/web\/se-abrio-postulacion-para-la-sexta-version-del-concurso-de-comentarios-de-sentencias\/","title":{"rendered":"SE ABRIO POSTULACION PARA LA SEXTA VERSION DEL CONCURSO DE COMENTARIOS DE SENTENCIAS"},"content":{"rendered":"\n<p>Desde mayo se encuentran abiertas las postulaciones al&nbsp;<a href=\"https:\/\/3ta.cl\/sin-categoria\/vi-concurso-nacional-de-comentarios-de-sentencias-2024\/\">VI Concurso Nacional de Comentarios de Sentencias<\/a>, un certamen convocado por el Tercer Tribunal Ambiental, y que tiene por objetivo generar un espacio de an\u00e1lisis y reflexi\u00f3n sobre los fallos de las distintas causas.<\/p>\n\n\n\n<p>El prop\u00f3sito del concurso es distinguir y reconocer a estudiantes de pre y postgrado que realicen un comentario jurisprudencial de una o varias sentencias definitivas a firme pronunciadas por el&nbsp;<a href=\"http:\/\/www.3ta.cl\/\">Tercer Tribunal Ambiental<\/a>. Los postulantes pueden pertenecer a carreras de derecho, antropolog\u00eda, geograf\u00eda, biolog\u00eda marina, econom\u00eda, o cualquier otra disciplina vinculada al medio ambiente.<\/p>\n\n\n\n<p>El Ministro Presidente del Tercer Tribunal Ambiental, Sr. Javier Millar se\u00f1al\u00f3&nbsp;<em>\u201cen la versi\u00f3n anterior tuvimos un gran inter\u00e9s de estudiantes de todo el pa\u00eds, lo que se reflej\u00f3 en la cantidad de trabajos recibidos y queremos seguir convocando a estudiantes de todas las \u00e1reas del conocimiento, para seguir promoviendo el debate p\u00fablico, transparente e interdisciplinario sobre el ejercicio de la jurisdicci\u00f3n ambiental\u201d<\/em>.<\/p>\n\n\n\n<p>El comentario de sentencia debe enfocarse en los problemas dogm\u00e1ticos (o te\u00f3ricos) destacados o novedosos que abarca la o las sentencias; o bien, un an\u00e1lisis cr\u00edtico de los fundamentos t\u00e9cnico-ambientales utilizados en las mismas y que resulten relevantes para la resoluci\u00f3n de conflictos medioambientales. El jurado estar\u00e1 compuesto por el Ministro Presidente del Tercer Tribunal Ambiental, quien presidir\u00e1 el jurado; por un\/a profesional licenciado en ciencias y un\/a abogado, ambos, externos al Tribunal.<\/p>\n\n\n\n<p><strong>Los ganadores recibir\u00e1n una certificaci\u00f3n y ser\u00e1n incluidos en una publicaci\u00f3n que sistematizar\u00e1 los comentarios que correspondan a los tres primeros lugares y menciones honrosas. Asimismo, los ganadores podr\u00e1n participar en la ceremonia de premiaci\u00f3n con los costos asociados a traslados y alojamiento. El plazo de env\u00edo es hasta el d\u00eda mi\u00e9rcoles 31 de julio de 2024, a las 11.59 horas.<\/strong><\/p>\n\n\n\n<p><strong>Bases del concurso y formulario de postulaci\u00f3n en:<\/strong><br>https:\/\/3ta.cl\/sin-categoria\/vi-concurso-nacional-de-comentarios-de-sentencias-2024\/<\/p>\n","protected":false},"excerpt":{"rendered":"<p>Desde mayo se encuentran abiertas las postulaciones al&nbsp;VI Concurso Nacional de Comentarios de Sentencias, un certamen convocado por el Tercer Tribunal Ambiental, y que tiene por objetivo generar un espacio&#8230; <a class=\"read-more\" href=\"https:\/\/www.radiopresidenteibanez.cl\/web\/se-abrio-postulacion-para-la-sexta-version-del-concurso-de-comentarios-de-sentencias\/\">Leer m\u00e1s<\/a><\/p>\n","protected":false},"author":2,"featured_media":49242,"comment_status":"closed","ping_status":"closed","sticky":false,"template":"","format":"standard","meta":{"footnotes":""},"categories":[1],"tags":[],"class_list":["post-49241","post","type-post","status-publish","format-standard","has-post-thumbnail","hentry","category-cronica"],"_links":{"self":[{"href":"https:\/\/www.radiopresidenteibanez.cl\/web\/wp-json\/wp\/v2\/posts\/49241","targetHints":{"allow":["GET"]}}],"collection":[{"href":"https:\/\/www.radiopresidenteibanez.cl\/web\/wp-json\/wp\/v2\/posts"}],"about":[{"href":"https:\/\/www.radiopresidenteibanez.cl\/web\/wp-json\/wp\/v2\/types\/post"}],"author":[{"embeddable":true,"href":"https:\/\/www.radiopresidenteibanez.cl\/web\/wp-json\/wp\/v2\/users\/2"}],"replies":[{"embeddable":true,"href":"https:\/\/www.radiopresidenteibanez.cl\/web\/wp-json\/wp\/v2\/comments?post=49241"}],"version-history":[{"count":0,"href":"https:\/\/www.radiopresidenteibanez.cl\/web\/wp-json\/wp\/v2\/posts\/49241\/revisions"}],"wp:featuredmedia":[{"embeddable":true,"href":"https:\/\/www.radiopresidenteibanez.cl\/web\/wp-json\/wp\/v2\/media\/49242"}],"wp:attachment":[{"href":"https:\/\/www.radiopresidenteibanez.cl\/web\/wp-json\/wp\/v2\/media?parent=49241"}],"wp:term":[{"taxonomy":"category","embeddable":true,"href":"https:\/\/www.radiopresidenteibanez.cl\/web\/wp-json\/wp\/v2\/categories?post=49241"},{"taxonomy":"post_tag","embeddable":true,"href":"https:\/\/www.radiopresidenteibanez.cl\/web\/wp-json\/wp\/v2\/tags?post=49241"}],"curies":[{"name":"wp","href":"https:\/\/api.w.org\/{rel}","templated":true}]}}