{"id":4924,"date":"2019-06-10T12:54:11","date_gmt":"2019-06-10T12:54:11","guid":{"rendered":"http:\/\/www.radiopresidenteibanez.cl\/web\/?p=4924"},"modified":"2019-06-10T12:54:56","modified_gmt":"2019-06-10T12:54:56","slug":"todo-un-exito-el-7-gobierno-en-terreno-esta-vez-realizado-en-mall-espacio-urbano","status":"publish","type":"post","link":"https:\/\/www.radiopresidenteibanez.cl\/web\/todo-un-exito-el-7-gobierno-en-terreno-esta-vez-realizado-en-mall-espacio-urbano\/","title":{"rendered":"TODO UN \u00c9XITO EL 7\u00b0 GOBIERNO EN TERRENO, ESTA VEZ REALIZADO EN MALL ESPACIO URBANO"},"content":{"rendered":"\n<p>Exitoso\ngobierno en terreno, con foco en la salud de los magall\u00e1nicos a trav\u00e9s del\nsistema \u201cElige vivir sano\u201d, del Ministerio de Desarrollo Social, se vivi\u00f3 hoy\ns\u00e1bado 08 en el Mall Espacio Urbano Pionero, donde muchas personas pudieron\nrealizar tr\u00e1mites o resolver interrogantes sobre la oferta p\u00fablica existente.\nLa actividad estuvo encabezada por el gobernador provincial de Magallanes,\nHomero Villegas N\u00fa\u00f1ez, quien fue acompa\u00f1ado por el Intendente Jos\u00e9 Fern\u00e1ndez y\notras autoridades.<\/p>\n\n\n\n<p>El\ngobernador Villegas se refiri\u00f3 la importancia de esta actividad \u201cEsto obedece\nal mandato del Presidente Sebasti\u00e1n Pi\u00f1era, que nos insta a atender y estar\ncerca de la gente, realizar trabajo en el territorio, visibilizar la oferta\np\u00fablica, e informar sobre \u00e9sta y entregar orientaci\u00f3n para que puedan\nsolucionar sus problemas. La presencia de todos los servicios participantes,\nhabla del compromiso permanente que como gobierno tenemos con toda la familia\nmagall\u00e1nica, y doblemente importante al dirigir el foco de este gobierno en terreno\nhacia el programa \u201cElige vivir sano\u201d.<\/p>\n\n\n\n<p>\u201cElige\nvivir sano\u201d, es una iniciativa que tiene como objetivo promover h\u00e1bitos y\nestilos de vida saludable para mejorar la calidad de vida y el bienestar de las\npersonas por medio de diversos programas, planes e iniciativas. Se establece\nque todos los \u00f3rganos de la Administraci\u00f3n del Estado, con competencia en\nmaterias vinculadas a la promoci\u00f3n de h\u00e1bitos de vida saludables, deben\nincorporar en sus pol\u00edticas, planes, programas y\/o medidas que tengan por\nfinalidad informar, educar y fomentar la prevenci\u00f3n de los factores y conductas\nde riesgo asociadas a las enfermedades no transmisibles, derivadas de h\u00e1bitos y\nestilos de vida no saludables. Esta iniciativa, es coordinada en la regi\u00f3n, por\nla Seremi de Desarrollo Social, Liz Casanueva.<\/p>\n\n\n\n<p>Los\nGobiernos en Terreno se hacen para ayudar a las personas y se entiende que por\nrazones de tiempo o distancia, no pueden realizar tr\u00e1mites importantes. Esta\ninstancia est\u00e1 creada para resolver eso, llevando los servicios a los vecinos y\nvecinas, en este caso a un lugar que re\u00fane a gente de distintas partes de la\nciudad, pero las plazas ciudadanas se despliegan por toda la provincia, tal\ncomo ocurri\u00f3 hace unos d\u00edas, cuando el punto de destino fue la comuna de Laguna\nBlanca. En esta oportunidad, se puso \u00e9nfasis en la vida sana, promoviendo la\nventa de verduras, huevos y mermeladas regionales, realizando actividad f\u00edsica,\ncon zumba, baile entretenido y la presentaci\u00f3n de la agrupaci\u00f3n de cueca\nEsmeralda.<\/p>\n\n\n\n<p>El\nIntendente, Jos\u00e9 Fern\u00e1ndez, calific\u00f3 la jornada como provechosa y expres\u00f3 su\nagradecimiento a los adultos mayores que participaban en un \u201cbaile entretenido\u201d\npor el recibimiento positivo de la actividad, resaltando lo importante de\nllevar a todos los servicios p\u00fablicos hacia la comunidad y les felicit\u00f3 por su\nmotivaci\u00f3n para hacer deporte.<\/p>\n\n\n\n<p>Tanto\nla Seremi del Deporte, Odette Callahan, como el Director del IND, Armin\nAltamirano, se refirieron a la importancia de la actividad deportiva, motivando\na la gente a informarse acerca de los 200 talleres que hay en la regi\u00f3n, que se\nhacen con esfuerzo y colaboraci\u00f3n de todos los funcionarios, para la comunidad\nregional, para que las personas puedan hacer actividad f\u00edsica, se diviertan y\nentretengan. Ambos destacaron el entusiasmo de los adultos mayores por\nparticipar.<\/p>\n\n\n\n<p>Una jornada positiva que fue agradecida por la gente y que pronto se repetir\u00e1 en otro lugar de la provincia, donde se detecte la necesidad de llevar la oferta p\u00fablica hasta las personas y que cont\u00f3 con la participaci\u00f3n de las siguientes autoridades: la Seremi de Desarrollo Social, Liz Casanueva, Seremi del Deporte, Odette Callahan, Seremi de Energ\u00eda, Nolberto S\u00e1ez, Seremi de Medio Ambiente, Eduardo Schiappacasse, Seremi de Miner\u00eda, Carlos Quezada, Seremi de Mop, Pablo Rendoll, Director de IND, Armin Altamirano, Directora de Senda, Lorena guala, Coordinadora Regional de Senama, Rebeca Aguilante, la jefa de la Prefectura Provincial de la PDI, Claudia Dom\u00ednguez y la coordinadora regional del CAVD, Natacha Oyarz\u00fan.<\/p>\n\n\n\n<figure class=\"wp-block-image\"><img loading=\"lazy\" decoding=\"async\" width=\"900\" height=\"675\" src=\"https:\/\/www.radiopresidenteibanez.cl\/web\/wp-content\/uploads\/2019\/06\/IMG_20190608_160330.jpg\" alt=\"\" class=\"wp-image-4925\" srcset=\"https:\/\/www.radiopresidenteibanez.cl\/web\/wp-content\/uploads\/2019\/06\/IMG_20190608_160330.jpg 900w, https:\/\/www.radiopresidenteibanez.cl\/web\/wp-content\/uploads\/2019\/06\/IMG_20190608_160330-300x225.jpg 300w, https:\/\/www.radiopresidenteibanez.cl\/web\/wp-content\/uploads\/2019\/06\/IMG_20190608_160330-768x576.jpg 768w\" sizes=\"auto, (max-width: 900px) 100vw, 900px\" \/><figcaption>sdr<\/figcaption><\/figure>\n","protected":false},"excerpt":{"rendered":"<p>Exitoso gobierno en terreno, con foco en la salud de los magall\u00e1nicos a trav\u00e9s del sistema \u201cElige vivir sano\u201d, del Ministerio de Desarrollo Social, se vivi\u00f3 hoy s\u00e1bado 08 en&#8230; <a class=\"read-more\" href=\"https:\/\/www.radiopresidenteibanez.cl\/web\/todo-un-exito-el-7-gobierno-en-terreno-esta-vez-realizado-en-mall-espacio-urbano\/\">Leer m\u00e1s<\/a><\/p>\n","protected":false},"author":2,"featured_media":4925,"comment_status":"closed","ping_status":"closed","sticky":false,"template":"","format":"standard","meta":{"footnotes":""},"categories":[1],"tags":[],"class_list":["post-4924","post","type-post","status-publish","format-standard","has-post-thumbnail","hentry","category-cronica"],"_links":{"self":[{"href":"https:\/\/www.radiopresidenteibanez.cl\/web\/wp-json\/wp\/v2\/posts\/4924","targetHints":{"allow":["GET"]}}],"collection":[{"href":"https:\/\/www.radiopresidenteibanez.cl\/web\/wp-json\/wp\/v2\/posts"}],"about":[{"href":"https:\/\/www.radiopresidenteibanez.cl\/web\/wp-json\/wp\/v2\/types\/post"}],"author":[{"embeddable":true,"href":"https:\/\/www.radiopresidenteibanez.cl\/web\/wp-json\/wp\/v2\/users\/2"}],"replies":[{"embeddable":true,"href":"https:\/\/www.radiopresidenteibanez.cl\/web\/wp-json\/wp\/v2\/comments?post=4924"}],"version-history":[{"count":0,"href":"https:\/\/www.radiopresidenteibanez.cl\/web\/wp-json\/wp\/v2\/posts\/4924\/revisions"}],"wp:featuredmedia":[{"embeddable":true,"href":"https:\/\/www.radiopresidenteibanez.cl\/web\/wp-json\/wp\/v2\/media\/4925"}],"wp:attachment":[{"href":"https:\/\/www.radiopresidenteibanez.cl\/web\/wp-json\/wp\/v2\/media?parent=4924"}],"wp:term":[{"taxonomy":"category","embeddable":true,"href":"https:\/\/www.radiopresidenteibanez.cl\/web\/wp-json\/wp\/v2\/categories?post=4924"},{"taxonomy":"post_tag","embeddable":true,"href":"https:\/\/www.radiopresidenteibanez.cl\/web\/wp-json\/wp\/v2\/tags?post=4924"}],"curies":[{"name":"wp","href":"https:\/\/api.w.org\/{rel}","templated":true}]}}