{"id":49197,"date":"2024-06-16T15:27:00","date_gmt":"2024-06-16T18:27:00","guid":{"rendered":"https:\/\/www.radiopresidenteibanez.cl\/web\/?p=49197"},"modified":"2024-06-16T12:30:53","modified_gmt":"2024-06-16T15:30:53","slug":"cai-la-mega-base-antartica-que-ya-crece-en-magallanes","status":"publish","type":"post","link":"https:\/\/www.radiopresidenteibanez.cl\/web\/cai-la-mega-base-antartica-que-ya-crece-en-magallanes\/","title":{"rendered":"CAI: la mega base ant\u00e1rtica que ya crece en Magallanes"},"content":{"rendered":"\n<p>Hace pocos d\u00edas en su cuenta p\u00fablica, el Presidente Gabriel Boric anunci\u00f3 su respaldo al proyecto del Centro Ant\u00e1rtico Internacional (CAI), lo que vino seguido de una reuni\u00f3n del gobernador de Magallanes Jorge Flies con la subsecretaria de Evaluaci\u00f3n Social, Paula Poblete, para entregar una excelente noticia: el CAI obten\u00eda la Recomendaci\u00f3n Satisfactoria para continuar con su ejecuci\u00f3n.&nbsp;<\/p>\n\n\n\n<p>Este ha sido un largo camino dada la envergadura del proyecto y de la ambici\u00f3n de sus objetivos, que est\u00e1n a la altura de las oportunidades que ofrece el tema ant\u00e1rtico a Chile y, especialmente, a la regi\u00f3n m\u00e1s meridional del pa\u00eds.<\/p>\n\n\n\n<p>El CAI tiene como objetivo central consolidar a Chile como pa\u00eds ant\u00e1rtico y epicentro global en temas de altas latitudes, al mismo tiempo que fortalece el rol de Punta Arenas como la principal puerta de entrada al Continente Blanco. El CAI mejorar\u00e1 la oferta cultural y tur\u00edstica de la regi\u00f3n y pondr\u00e1 en juego una nueva perspectiva para el desarrollo del pa\u00eds, ya no enfocado de norte a sur, sino de sur a norte. Tambi\u00e9n permitir\u00e1 la creaci\u00f3n de nuevos v\u00ednculos cient\u00edficos, sociales y culturales a nivel local, nacional e internacional.<\/p>\n\n\n\n<p>El Instituto Ant\u00e1rtico Chileno (INACH) valora esta aprobaci\u00f3n que es un paso m\u00e1s en la concreci\u00f3n de un sue\u00f1o que para este servicio se remonta al a\u00f1o 2007, cuando se pens\u00f3 en un museo que conectara emocional y cognitivamente a la comunidad con la relevancia y cercan\u00eda de la Ant\u00e1rtica.&nbsp;<\/p>\n\n\n\n<p><strong>El CAI ya late en Punta Arenas<\/strong><\/p>\n\n\n\n<p>El CAI aspira a ser mucho m\u00e1s que un centro de investigaci\u00f3n; ser\u00e1 una experiencia transformadora para sus visitantes, enfoc\u00e1ndose en la ciencia de vanguardia realizada en la Ant\u00e1rtica y sus implicaciones globales.<\/p>\n\n\n\n<p>El proyecto contempla seis \u00e1reas de desarrollo, incluyendo un edificio de laboratorios e investigaci\u00f3n, un centro y museo interactivo, un \u00e1rea log\u00edstica, un edificio de administraci\u00f3n, y \u00e1reas de acceso y esparcimiento. Esta moderna infraestructura facilitar\u00e1 el desarrollo de ciencia ant\u00e1rtica de calidad y servir\u00e1 como soporte log\u00edstico para un mayor n\u00famero de expediciones desde Punta Arenas al Continente Blanco.<\/p>\n\n\n\n<p>El edificio albergar\u00e1 laboratorios especializados en hielo, atm\u00f3sfera, oc\u00e9ano, ecolog\u00eda, geolog\u00eda, paleontolog\u00eda, paleoclima, biotecnolog\u00eda y modelamiento bioinform\u00e1tico.&nbsp;<\/p>\n\n\n\n<p>Estos laboratorios acoger\u00e1n a miembros del Programa Nacional de Ciencia Ant\u00e1rtica y ofrecer\u00e1n espacios adecuados para la estad\u00eda de investigadoras e investigadores de otros Programas Ant\u00e1rticos Nacionales, promoviendo la colaboraci\u00f3n entre los pa\u00edses que integran el Sistema del Tratado Ant\u00e1rtico.<\/p>\n\n\n\n<p>El INACH, ha apoyado fuertemente el desarrollo del proyecto del CAI con el dise\u00f1o e implementaci\u00f3n de acuarios en Punta Arenas y en las islas Rey Jorge y Doumer, as\u00ed como un vivero de especies vegetales que reproducir\u00e1n el \u00abbosque ant\u00e1rtico\u00bb que existi\u00f3 hace millones de a\u00f1os antes de la separaci\u00f3n de los continentes. Este vivero crece en dependencias de Conaf en el sur de la ciudad y poblar\u00e1 el \u201cbosque\u201d que crecer\u00e1 en el interior y el exterior del CAI logrando el efecto de una museograf\u00eda total.<\/p>\n\n\n\n<p>Tanto el acuario, con especies vivas capturadas en el oc\u00e9ano Austral, como el vivero, ya han sido visitados por cientos de ni\u00f1as, ni\u00f1os, j\u00f3venes y adultos gracias a las actividades educativas y de divulgaci\u00f3n del INACH.&nbsp;<\/p>\n\n\n\n<p>Junto con esto, el instituto ha visitado museos y centros interactivos del mundo para, una vez en funcionamiento el CAI, se establezca una rotaci\u00f3n de exhibiciones que ofrezcan est\u00edmulos para el conocimiento y para la creaci\u00f3n de opini\u00f3n cient\u00edfica en la ciudadan\u00eda.<\/p>\n\n\n\n<p><strong>Una megabase polar<\/strong><\/p>\n\n\n\n<p>El CAI servir\u00e1 de apoyo a expediciones cient\u00edficas y log\u00edsticas en la regi\u00f3n y, en la pr\u00e1ctica, ser\u00e1 una megabase polar, un punto de partida y llegada para cientos de personas.<\/p>\n\n\n\n<p>Asimismo, Chile ha demostrado su capacidad para organizar eventos cient\u00edficos de alto perfil. Este a\u00f1o, el Comit\u00e9 Mundial sobre Investigaci\u00f3n Ant\u00e1rtica (SCAR) y el INACH organizar\u00e1n la XI Conferencia Abierta de SCAR en Puc\u00f3n del 19 al 23 de agosto y la Reuni\u00f3n de Delegados Nacionales del SCAR a partir del 26 de agosto en Punta Arenas. En 2025, nuestra ciudad recibir\u00e1 el masivo XIV Simposio Internacional sobre Ciencias de la Tierra en la Ant\u00e1rtica (ISAES). Estos encuentros ser\u00e1n excelentes ocasiones para mostrar las oportunidades que el CAI ofrecer\u00e1 a la ciencia internacional.<\/p>\n\n\n\n<p>Se espera que el CAI fomente el turismo de inter\u00e9s especiales, cient\u00edfico y educativo. Las instalaciones del centro est\u00e1n dise\u00f1adas para ofrecer una experiencia completa y c\u00f3moda a los visitantes.<\/p>\n\n\n\n<p>En conclusi\u00f3n, el Centro Ant\u00e1rtico Internacional en Punta Arenas es mucho m\u00e1s que un edificio: es una inversi\u00f3n estrat\u00e9gica que posicionar\u00e1 a Punta Arenas en lo m\u00e1s alto del escenario ant\u00e1rtico mundial, impulsando la investigaci\u00f3n, fomentando la cooperaci\u00f3n internacional y educando al p\u00fablico sobre la importancia del Continente Blanco.&nbsp;<\/p>\n\n\n\n<p>El INACH es un organismo t\u00e9cnico del Ministerio de Relaciones Exteriores con plena autonom\u00eda en todo lo relacionado con asuntos ant\u00e1rticos de car\u00e1cter cient\u00edfico, tecnol\u00f3gico y de difusi\u00f3n. El INACH cumple con la Pol\u00edtica Ant\u00e1rtica Nacional incentivando el desarrollo de la investigaci\u00f3n de excelencia, participando efectivamente en el Sistema del Tratado Ant\u00e1rtico, fortaleciendo a Magallanes como puerta de entrada al Continente Blanco y divulgando el conocimiento ant\u00e1rtico en la ciudadan\u00eda.<\/p>\n","protected":false},"excerpt":{"rendered":"<p>Hace pocos d\u00edas en su cuenta p\u00fablica, el Presidente Gabriel Boric anunci\u00f3 su respaldo al proyecto del Centro Ant\u00e1rtico Internacional (CAI), lo que vino seguido de una reuni\u00f3n del gobernador&#8230; <a class=\"read-more\" href=\"https:\/\/www.radiopresidenteibanez.cl\/web\/cai-la-mega-base-antartica-que-ya-crece-en-magallanes\/\">Leer m\u00e1s<\/a><\/p>\n","protected":false},"author":2,"featured_media":49198,"comment_status":"closed","ping_status":"closed","sticky":false,"template":"","format":"standard","meta":{"footnotes":""},"categories":[1],"tags":[],"class_list":["post-49197","post","type-post","status-publish","format-standard","has-post-thumbnail","hentry","category-cronica"],"_links":{"self":[{"href":"https:\/\/www.radiopresidenteibanez.cl\/web\/wp-json\/wp\/v2\/posts\/49197","targetHints":{"allow":["GET"]}}],"collection":[{"href":"https:\/\/www.radiopresidenteibanez.cl\/web\/wp-json\/wp\/v2\/posts"}],"about":[{"href":"https:\/\/www.radiopresidenteibanez.cl\/web\/wp-json\/wp\/v2\/types\/post"}],"author":[{"embeddable":true,"href":"https:\/\/www.radiopresidenteibanez.cl\/web\/wp-json\/wp\/v2\/users\/2"}],"replies":[{"embeddable":true,"href":"https:\/\/www.radiopresidenteibanez.cl\/web\/wp-json\/wp\/v2\/comments?post=49197"}],"version-history":[{"count":0,"href":"https:\/\/www.radiopresidenteibanez.cl\/web\/wp-json\/wp\/v2\/posts\/49197\/revisions"}],"wp:featuredmedia":[{"embeddable":true,"href":"https:\/\/www.radiopresidenteibanez.cl\/web\/wp-json\/wp\/v2\/media\/49198"}],"wp:attachment":[{"href":"https:\/\/www.radiopresidenteibanez.cl\/web\/wp-json\/wp\/v2\/media?parent=49197"}],"wp:term":[{"taxonomy":"category","embeddable":true,"href":"https:\/\/www.radiopresidenteibanez.cl\/web\/wp-json\/wp\/v2\/categories?post=49197"},{"taxonomy":"post_tag","embeddable":true,"href":"https:\/\/www.radiopresidenteibanez.cl\/web\/wp-json\/wp\/v2\/tags?post=49197"}],"curies":[{"name":"wp","href":"https:\/\/api.w.org\/{rel}","templated":true}]}}