{"id":49170,"date":"2024-06-14T09:26:00","date_gmt":"2024-06-14T12:26:00","guid":{"rendered":"https:\/\/www.radiopresidenteibanez.cl\/web\/?p=49170"},"modified":"2024-06-14T08:27:00","modified_gmt":"2024-06-14T11:27:00","slug":"el-que-baila-pasa-documental-con-registros-virales-del-estallido-social-se-estrena-el-19-de-junio-en-punta-arenas","status":"publish","type":"post","link":"https:\/\/www.radiopresidenteibanez.cl\/web\/el-que-baila-pasa-documental-con-registros-virales-del-estallido-social-se-estrena-el-19-de-junio-en-punta-arenas\/","title":{"rendered":"\u201cEL QUE BAILA PASA\u201d: DOCUMENTAL CON REGISTROS VIRALES DEL ESTALLIDO SOCIAL SE ESTRENA EL 19 DE JUNIO EN PUNTA ARENAS"},"content":{"rendered":"\n<p>Un ser del m\u00e1s all\u00e1 vuelve a Chile durante 2019 encarnado en un trabajador que sue\u00f1a con<br>un estallido social. Ese es el particular punto de partida de \u201cEl que baila pasa\u201d, un estallido viral,<br>pel\u00edcula documental que acompa\u00f1a el viaje de un fantasma que recorre la naci\u00f3n e intenta<br>comprenderlo a trav\u00e9s de los celulares de las personas que graban lo que sucede a su alrededor.<br>Premiada como Mejor Largometraje Nacional en FICValdivia y en FICVi\u00f1a, la pel\u00edcula dirigida<br>por Carlos Araya D\u00edaz y coproducida por Mar\u00eda Paz Gonz\u00e1lez, es distribuida por Miradoc a lo largo del pa\u00eds y en Punta Arenas prepara su estreno el mi\u00e9rcoles 19 de junio a las 19:00 horas en Cine Sala Estrella.<br>\u201cDurante las primeras semanas del estallido, internet se satur\u00f3 de videos hechos con<br>celulares y me lanc\u00e9 a recolectar ese material de forma impulsiva, sin saber muy bien para qu\u00e9\u201d,<br>detalla Carlos Araya D\u00edaz, director, guionista, montajista y co-productor del largometraje. \u201cMe di<br>cuenta que estaba juntando un registro popular muy diverso con diferentes motivaciones y objetivos.<br>Aparec\u00eda la violencia policial, la \u00e9pica, pero tambi\u00e9n se colaban otros registros menos mediatizados que fueron cobrando mucha importancia para la pel\u00edcula; ternura, humor y delirio\u201d, se\u00f1ala.<br>\u201cCreemos que a 5 a\u00f1os del estallido, la pel\u00edcula nos permite mirar en perspectiva las formas<br>que tenemos de pensar, de hablar y tambi\u00e9n de odiar y de amar\u201d, comenta Mar\u00eda Paz Gonz\u00e1lez,<br>productora y co-guionista del largometraje. \u201cSiento que es una pel\u00edcula que invita a revisar con la distancia del archivo este momento de pasiones extremas que nos va a recordar siempre lo divididos que estamos y lo contradictorios que somos\u201d, reflexiona.<br>\u201cNo es una pel\u00edcula que busque explicar por qu\u00e9 sucedi\u00f3 el estallido, sino m\u00e1s bien busca<br>volver a lanzarnos a esas im\u00e1genes que no sabemos si las so\u00f1amos o si fueron reales\u201d, aclara<br>Araya. \u201cTambi\u00e9n creo que el p\u00fablico secretamente va a encontrarse una exploraci\u00f3n sobre qu\u00e9<br>significa ser chileno y las formas inesperadas que tenemos para comunicarnos incluso en las peores situaciones de tragedia\u201d, afirma el director, oriundo de Calama qui\u00e9n estrena su segundo<br>largometraje tras \u201cEl viaje espacial\u201d (2019).<\/p>\n\n\n\n<p>La pel\u00edcula, que recientemente fue estrenada internacionalmente en el Festival de Jenjou en<br>Corea, estar\u00e1 disponible a trav\u00e9s del programa Miradoc en salas de Arica a Punta Arenas a partir del 13 de junio.<br>\u201cLa memoria del estallido est\u00e1 en pugna y a\u00fan est\u00e1 en proceso de ser representada, sobre<br>todo en un contexto que nos tiene tan atrapados, donde el sistema pol\u00edtico y los medios usan el<br>estallido con frecuencia para instalar un discurso que criminaliza las demandas ciudadanas. Creo que \u2018El que baila pasa\u2019 puede ayudarnos a refrescar la memoria y pensar los desaf\u00edos y las<br>contradicciones de la democracia en el complejo escenario latinoamericano\u201d, reflexiona su director.<\/p>\n","protected":false},"excerpt":{"rendered":"<p>Un ser del m\u00e1s all\u00e1 vuelve a Chile durante 2019 encarnado en un trabajador que sue\u00f1a conun estallido social. Ese es el particular punto de partida de \u201cEl que baila&#8230; <a class=\"read-more\" href=\"https:\/\/www.radiopresidenteibanez.cl\/web\/el-que-baila-pasa-documental-con-registros-virales-del-estallido-social-se-estrena-el-19-de-junio-en-punta-arenas\/\">Leer m\u00e1s<\/a><\/p>\n","protected":false},"author":2,"featured_media":49171,"comment_status":"closed","ping_status":"closed","sticky":false,"template":"","format":"standard","meta":{"footnotes":""},"categories":[1],"tags":[],"class_list":["post-49170","post","type-post","status-publish","format-standard","has-post-thumbnail","hentry","category-cronica"],"_links":{"self":[{"href":"https:\/\/www.radiopresidenteibanez.cl\/web\/wp-json\/wp\/v2\/posts\/49170","targetHints":{"allow":["GET"]}}],"collection":[{"href":"https:\/\/www.radiopresidenteibanez.cl\/web\/wp-json\/wp\/v2\/posts"}],"about":[{"href":"https:\/\/www.radiopresidenteibanez.cl\/web\/wp-json\/wp\/v2\/types\/post"}],"author":[{"embeddable":true,"href":"https:\/\/www.radiopresidenteibanez.cl\/web\/wp-json\/wp\/v2\/users\/2"}],"replies":[{"embeddable":true,"href":"https:\/\/www.radiopresidenteibanez.cl\/web\/wp-json\/wp\/v2\/comments?post=49170"}],"version-history":[{"count":0,"href":"https:\/\/www.radiopresidenteibanez.cl\/web\/wp-json\/wp\/v2\/posts\/49170\/revisions"}],"wp:featuredmedia":[{"embeddable":true,"href":"https:\/\/www.radiopresidenteibanez.cl\/web\/wp-json\/wp\/v2\/media\/49171"}],"wp:attachment":[{"href":"https:\/\/www.radiopresidenteibanez.cl\/web\/wp-json\/wp\/v2\/media?parent=49170"}],"wp:term":[{"taxonomy":"category","embeddable":true,"href":"https:\/\/www.radiopresidenteibanez.cl\/web\/wp-json\/wp\/v2\/categories?post=49170"},{"taxonomy":"post_tag","embeddable":true,"href":"https:\/\/www.radiopresidenteibanez.cl\/web\/wp-json\/wp\/v2\/tags?post=49170"}],"curies":[{"name":"wp","href":"https:\/\/api.w.org\/{rel}","templated":true}]}}