{"id":49164,"date":"2024-06-13T18:09:00","date_gmt":"2024-06-13T21:09:00","guid":{"rendered":"https:\/\/www.radiopresidenteibanez.cl\/web\/?p=49164"},"modified":"2024-06-13T15:12:32","modified_gmt":"2024-06-13T18:12:32","slug":"investigador-del-inach-participa-de-gira-presidencial-en-europa","status":"publish","type":"post","link":"https:\/\/www.radiopresidenteibanez.cl\/web\/investigador-del-inach-participa-de-gira-presidencial-en-europa\/","title":{"rendered":"INVESTIGADOR DEL INACH PARTICIPA DE GIRA PRESIDENCIAL EN EUROPA"},"content":{"rendered":"\n<p>&nbsp;El Presidente de la Rep\u00fablica Gabriel Boric est\u00e1 encabezando una gira en Europa acompa\u00f1ado de un grupo de ministros, ministras, parlamentarios y representantes de m\u00faltiples sectores del pa\u00eds. El investigador del Instituto Ant\u00e1rtico Chileno (INACH), Dr. C\u00e9sar C\u00e1rdenas, es parte de la delegaci\u00f3n de cient\u00edficos y cient\u00edficas que acompa\u00f1a al mandatario en este viaje por Alemania y Suecia.<\/p>\n\n\n\n<p>\u201cNos hemos reunido con la comunidad chilena en Berl\u00edn y hemos visitado varios centros de investigaci\u00f3n donde se fusionan desde la ciencia b\u00e1sica hasta la medicina, pasando por energ\u00edas renovables. Asimismo, pudimos visitar&nbsp;la sede central del Observatorio Europeo Austral, que es la principal organizaci\u00f3n astron\u00f3mica intergubernamental de Europa y el observatorio astron\u00f3mico m\u00e1s productivo del mundo. Aqu\u00ed&nbsp;pudimos apreciar y darnos cuenta de que la astronom\u00eda y las ciencias ant\u00e1rticas en Chile pueden jugar un rol relevante en el concierto internacional\u201d, comenta C\u00e1rdenas desde Alemania.<\/p>\n\n\n\n<p>El investigador polar comenta, adem\u00e1s, que \u201cesta gira es muy diversa, donde se cuenta con varios ministros, empresarios, diputados, senadores y donde se ha incluido a la ciencia y que termina siendo muy novedosa para la comunidad en general. El presidente ha mencionado en varias oportunidades lo importante de la ciencia y la Ant\u00e1rtica en esta gira, relevando la vocaci\u00f3n polar de nuestro pa\u00eds.\u201d<\/p>\n\n\n\n<p>C\u00e1rdenas subraya que durante este viaje a Alemania se firm\u00f3 un acuerdo de investigaci\u00f3n ant\u00e1rtica entre Alemania y Chile. \u201cEsto viene a reafirmar otros acuerdos que tenemos como INACH con el Instituto Alfred Wegener y que va a seguir reforzando la importante cooperaci\u00f3n entre ambos pa\u00edses.\u201d<\/p>\n\n\n\n<p>Para el investigador del INACH estar presente en la gira presidencial es sumamente interesante, ya que \u201cChile est\u00e1 jugando un rol important\u00edsimo en el concierto mundial en torno a la ciencia ant\u00e1rtica y, sin duda alguna, resalta todo el trabajo que est\u00e1 efectuando el INACH internacionalmente.\u201d<\/p>\n\n\n\n<p>C\u00e1rdenas, quien tambi\u00e9n es el presidente del comit\u00e9 cient\u00edfico de la Comisi\u00f3n para la Conservaci\u00f3n de los Recursos Vivos Marinos Ant\u00e1rticos (CCRVMA) a fines del a\u00f1o pasado ya hab\u00eda acompa\u00f1ado al presidente Boric hasta la Ant\u00e1rtica en compa\u00f1\u00eda del Secretario General de las Naciones Unidas Ant\u00f3nio Guterres.<\/p>\n\n\n\n<p>El INACH es un organismo t\u00e9cnico del Ministerio de Relaciones Exteriores con plena autonom\u00eda en todo lo relacionado con asuntos ant\u00e1rticos de car\u00e1cter cient\u00edfico, tecnol\u00f3gico y de difusi\u00f3n. El INACH cumple con la Pol\u00edtica Ant\u00e1rtica Nacional incentivando el desarrollo de la investigaci\u00f3n de excelencia, participando efectivamente en el Sistema del Tratado Ant\u00e1rtico, fortaleciendo a Magallanes como puerta de entrada al Continente Blanco y divulgando el conocimiento ant\u00e1rtico en la ciudadan\u00eda.<\/p>\n","protected":false},"excerpt":{"rendered":"<p>&nbsp;El Presidente de la Rep\u00fablica Gabriel Boric est\u00e1 encabezando una gira en Europa acompa\u00f1ado de un grupo de ministros, ministras, parlamentarios y representantes de m\u00faltiples sectores del pa\u00eds. El investigador&#8230; <a class=\"read-more\" href=\"https:\/\/www.radiopresidenteibanez.cl\/web\/investigador-del-inach-participa-de-gira-presidencial-en-europa\/\">Leer m\u00e1s<\/a><\/p>\n","protected":false},"author":2,"featured_media":49165,"comment_status":"closed","ping_status":"closed","sticky":false,"template":"","format":"standard","meta":{"footnotes":""},"categories":[1],"tags":[],"class_list":["post-49164","post","type-post","status-publish","format-standard","has-post-thumbnail","hentry","category-cronica"],"_links":{"self":[{"href":"https:\/\/www.radiopresidenteibanez.cl\/web\/wp-json\/wp\/v2\/posts\/49164","targetHints":{"allow":["GET"]}}],"collection":[{"href":"https:\/\/www.radiopresidenteibanez.cl\/web\/wp-json\/wp\/v2\/posts"}],"about":[{"href":"https:\/\/www.radiopresidenteibanez.cl\/web\/wp-json\/wp\/v2\/types\/post"}],"author":[{"embeddable":true,"href":"https:\/\/www.radiopresidenteibanez.cl\/web\/wp-json\/wp\/v2\/users\/2"}],"replies":[{"embeddable":true,"href":"https:\/\/www.radiopresidenteibanez.cl\/web\/wp-json\/wp\/v2\/comments?post=49164"}],"version-history":[{"count":0,"href":"https:\/\/www.radiopresidenteibanez.cl\/web\/wp-json\/wp\/v2\/posts\/49164\/revisions"}],"wp:featuredmedia":[{"embeddable":true,"href":"https:\/\/www.radiopresidenteibanez.cl\/web\/wp-json\/wp\/v2\/media\/49165"}],"wp:attachment":[{"href":"https:\/\/www.radiopresidenteibanez.cl\/web\/wp-json\/wp\/v2\/media?parent=49164"}],"wp:term":[{"taxonomy":"category","embeddable":true,"href":"https:\/\/www.radiopresidenteibanez.cl\/web\/wp-json\/wp\/v2\/categories?post=49164"},{"taxonomy":"post_tag","embeddable":true,"href":"https:\/\/www.radiopresidenteibanez.cl\/web\/wp-json\/wp\/v2\/tags?post=49164"}],"curies":[{"name":"wp","href":"https:\/\/api.w.org\/{rel}","templated":true}]}}