{"id":49160,"date":"2024-06-13T16:57:00","date_gmt":"2024-06-13T19:57:00","guid":{"rendered":"https:\/\/www.radiopresidenteibanez.cl\/web\/?p=49160"},"modified":"2024-06-13T12:20:48","modified_gmt":"2024-06-13T15:20:48","slug":"sag-magallanes-convoca-a-respetar-disposiciones-de-la-ley-de-caza","status":"publish","type":"post","link":"https:\/\/www.radiopresidenteibanez.cl\/web\/sag-magallanes-convoca-a-respetar-disposiciones-de-la-ley-de-caza\/","title":{"rendered":"SAG MAGALLANES CONVOCA A RESPETAR DISPOSICIONES DE LA LEY DE CAZA"},"content":{"rendered":"\n<p>Con el fin de proteger la fauna terrestre del pa\u00eds, el Servicio Agr\u00edcola y Ganadero de Magallanes llama a la comunidad a conocer y respetar la Ley de caza 19.473 y su reglamento, normativa que busca regular la captura, crianza, conservaci\u00f3n y utilizaci\u00f3n sustentable del patrimonio faun\u00edstico nacional.<\/p>\n\n\n\n<p>Al respecto, la directora regional de SAG Magallanes, Paula Quiero Le\u00f3n, se\u00f1al\u00f3 que \u201ca nivel regional el registro de cazadores alcanza un promedio de 200 personas por a\u00f1o, y es la liebre la especie m\u00e1s cazada tanto en la provincia de Magallanes como de \u00daltima Esperanza, siendo destinada a consumo y a la venta a plantas faenadoras.\u201d<\/p>\n\n\n\n<p>\u201cLa temporada de caza se desarrolla entre el 1 de abril&nbsp;y hasta el pr\u00f3ximo 31 de agosto, para las especies listadas en el Art\u00edculo 5\u00b0 del reglamento, a las cuales se les indica una cuota por jornada de caza. Por su parte, la liebre, al igual que el castor, vis\u00f3n, el conejo, entre otras, son clasificadas como especies perjudiciales o da\u00f1inas, y puede ser cazadas en cualquier \u00e9poca del a\u00f1o. En este sentido, la Ley es clara al establecer y delimitar sitios o \u00e1reas, cuotas y periodos de caza, y en listar especies amenazadas en su conservaci\u00f3n cuya protecci\u00f3n cobra especial relevancia, como es el caso del canqu\u00e9n colorado. Igualmente, es importante recordar que existen zonas como Parques y Reservas Nacionales, aeropuertos, cercan\u00edas a viviendas y caminos p\u00fablico, entre otras, donde la caza se encuentra absolutamente prohibida\u201d, explic\u00f3 la directora.<\/p>\n\n\n\n<p>De acuerdo a la normativa, para practicar la caza es necesario contar con un carnet de caza vigente, el cual tiene una duraci\u00f3n de dos a\u00f1os calendario y habilita a su titular para practicar la caza mayor o la caza menor, seg\u00fan corresponda. Para obtener este permiso, personal e intransferible, se debe concurrir a cualquiera de las oficinas sectoriales del SAG, aprobar un examen y pagar la tarifa de 0,35 UTM para caza menor, mientras que el de caza mayor asciende a 0,70 UTM.<\/p>\n\n\n\n<p>Cabe se\u00f1alar que la caza solo debe realizarse en terrenos propios o con la autorizaci\u00f3n expresa del due\u00f1o de la propiedad, por medio de los m\u00e9todos de caza descritos en el Reglamento de la Ley. Para el caso de armas de fuego estas deber\u00e1n estar debidamente inscrita y con permiso vigente de porte de armas, que se obtiene en la Direcci\u00f3n General de Movilizaci\u00f3n Nacional.<\/p>\n\n\n\n<p>Finalmente, recordar que el reglamento de la ley de caza identifica un total de 822 especies entre aves, mam\u00edferos, reptiles, anfibios e insectos, encontr\u00e1ndose el 94% de ellas con prohibici\u00f3n permanente de caza y captura en todo el territorio nacional. La actividad de caza se permite y regula solo para 46 especies (6%) a nivel nacional de las cuales 11 se encuentran en la zona austral. &nbsp;<\/p>\n\n\n\n<p>Para mayor informaci\u00f3n sobre esta normativa, ingrese la p\u00e1gina&nbsp;<a href=\"http:\/\/www.sag.cl\/\" target=\"_blank\" rel=\"noreferrer noopener\">www.sag.cl<\/a>,&nbsp; visite el enlace&nbsp;<a href=\"https:\/\/www.sag.gob.cl\/sites\/default\/files\/cartilla_para_cazadores_2018.pdf\" target=\"_blank\" rel=\"noreferrer noopener\">https:\/\/www.sag.gob.cl\/sites\/default\/files\/cartilla_para_cazadores_2018.pdf<\/a>,&nbsp;escr\u00edbanos al correo&nbsp;&nbsp;<a href=\"mailto:contacto.magallanes@sag.gob.cl\" target=\"_blank\" rel=\"noreferrer noopener\">contacto.magallanes@sag.gob.cl<\/a>&nbsp;o comun\u00edquese con la oficina provincial m\u00e1s cercana a su predio.<\/p>\n","protected":false},"excerpt":{"rendered":"<p>Con el fin de proteger la fauna terrestre del pa\u00eds, el Servicio Agr\u00edcola y Ganadero de Magallanes llama a la comunidad a conocer y respetar la Ley de caza 19.473&#8230; <a class=\"read-more\" href=\"https:\/\/www.radiopresidenteibanez.cl\/web\/sag-magallanes-convoca-a-respetar-disposiciones-de-la-ley-de-caza\/\">Leer m\u00e1s<\/a><\/p>\n","protected":false},"author":2,"featured_media":49161,"comment_status":"closed","ping_status":"closed","sticky":false,"template":"","format":"standard","meta":{"footnotes":""},"categories":[1],"tags":[],"class_list":["post-49160","post","type-post","status-publish","format-standard","has-post-thumbnail","hentry","category-cronica"],"_links":{"self":[{"href":"https:\/\/www.radiopresidenteibanez.cl\/web\/wp-json\/wp\/v2\/posts\/49160","targetHints":{"allow":["GET"]}}],"collection":[{"href":"https:\/\/www.radiopresidenteibanez.cl\/web\/wp-json\/wp\/v2\/posts"}],"about":[{"href":"https:\/\/www.radiopresidenteibanez.cl\/web\/wp-json\/wp\/v2\/types\/post"}],"author":[{"embeddable":true,"href":"https:\/\/www.radiopresidenteibanez.cl\/web\/wp-json\/wp\/v2\/users\/2"}],"replies":[{"embeddable":true,"href":"https:\/\/www.radiopresidenteibanez.cl\/web\/wp-json\/wp\/v2\/comments?post=49160"}],"version-history":[{"count":0,"href":"https:\/\/www.radiopresidenteibanez.cl\/web\/wp-json\/wp\/v2\/posts\/49160\/revisions"}],"wp:featuredmedia":[{"embeddable":true,"href":"https:\/\/www.radiopresidenteibanez.cl\/web\/wp-json\/wp\/v2\/media\/49161"}],"wp:attachment":[{"href":"https:\/\/www.radiopresidenteibanez.cl\/web\/wp-json\/wp\/v2\/media?parent=49160"}],"wp:term":[{"taxonomy":"category","embeddable":true,"href":"https:\/\/www.radiopresidenteibanez.cl\/web\/wp-json\/wp\/v2\/categories?post=49160"},{"taxonomy":"post_tag","embeddable":true,"href":"https:\/\/www.radiopresidenteibanez.cl\/web\/wp-json\/wp\/v2\/tags?post=49160"}],"curies":[{"name":"wp","href":"https:\/\/api.w.org\/{rel}","templated":true}]}}