{"id":4912,"date":"2019-06-10T12:26:40","date_gmt":"2019-06-10T12:26:40","guid":{"rendered":"http:\/\/www.radiopresidenteibanez.cl\/web\/?p=4912"},"modified":"2019-06-10T12:27:18","modified_gmt":"2019-06-10T12:27:18","slug":"fondo-de-medios-28-proyectos-fueron-seleccionados-en-la-region-de-magallanes","status":"publish","type":"post","link":"https:\/\/www.radiopresidenteibanez.cl\/web\/fondo-de-medios-28-proyectos-fueron-seleccionados-en-la-region-de-magallanes\/","title":{"rendered":"FONDO DE MEDIOS: 28 PROYECTOS FUERON SELECCIONADOS EN LA REGI\u00d3N DE MAGALLANES"},"content":{"rendered":"\n<p>Un total de 28 proyectos de la\nregi\u00f3n resultaron beneficiados por el Fondo de Medios de Comunicaci\u00f3n 2019, que\nentrega el Ministerio Secretar\u00eda General de Gobierno, y cuyo objetivo es\nreforzar el rol de las comunicaciones en el desarrollo social y cultural del\npa\u00eds, rescatando la identidad propia de las regiones.<\/p>\n\n\n\n<p>Los recursos asignados se\ndividieron en dos segmentos. En el caso de las iniciativas de radiodifusi\u00f3n\nfueron seleccionados 13 proyectos por $45.952.922, mientras que 15 proyectos de\notros medios fueron escogidos por un monto de $40.393.525.<\/p>\n\n\n\n<p>En ese sentido, la seremi de\nGobierno, Alejandra Mu\u00f1oz, destac\u00f3 el inter\u00e9s que manifestaron este a\u00f1o los\nrepresentantes de los distintos medios de comunicaci\u00f3n a trav\u00e9s de sus\niniciativas que abarcan \u00e1mbitos como la educaci\u00f3n c\u00edvica, enfoque de g\u00e9nero y\nterritorialidad local.<\/p>\n\n\n\n<p>\u201cEste a\u00f1o el Fondo de Medios\ncont\u00f3 con un aumento de recursos de aproximadamente un 20% respecto del a\u00f1o\n2018, y eso se debe a que el Gobierno del Presidente Sebasti\u00e1n Pi\u00f1era ha\nvisualizado la relevancia que tiene el trabajo de los medios de comunicaci\u00f3n en\nnuestra sociedad, para que justamente la comunidad se informe cada d\u00eda\u201d,\nmanifest\u00f3 la seremi Mu\u00f1oz.<\/p>\n\n\n\n<p>Adem\u00e1s, indic\u00f3 que tambi\u00e9n hubo\nun aumento en las postulaciones y por ende en la adjudicaci\u00f3n del fondo. <\/p>\n\n\n\n<p>\u201cEs importante se\u00f1alar que hay un abanico de tem\u00e1ticas en los proyectos en torno a la educaci\u00f3n c\u00edvica, enfoque de g\u00e9nero y tambi\u00e9n iniciativas que resaltan nuestra idiosincrasia, los que sin lugar a dudas tendr\u00e1n un positivo impacto en los habitantes de Magallanes\u201d, sostuvo la seremi de Gobierno.<\/p>\n\n\n\n<figure class=\"wp-block-image\"><img loading=\"lazy\" decoding=\"async\" width=\"900\" height=\"675\" src=\"https:\/\/www.radiopresidenteibanez.cl\/web\/wp-content\/uploads\/2019\/06\/56899490_10157150656861575_6546198486080028672_n.jpg\" alt=\"\" class=\"wp-image-4913\" srcset=\"https:\/\/www.radiopresidenteibanez.cl\/web\/wp-content\/uploads\/2019\/06\/56899490_10157150656861575_6546198486080028672_n.jpg 900w, https:\/\/www.radiopresidenteibanez.cl\/web\/wp-content\/uploads\/2019\/06\/56899490_10157150656861575_6546198486080028672_n-300x225.jpg 300w, https:\/\/www.radiopresidenteibanez.cl\/web\/wp-content\/uploads\/2019\/06\/56899490_10157150656861575_6546198486080028672_n-768x576.jpg 768w\" sizes=\"auto, (max-width: 900px) 100vw, 900px\" \/><\/figure>\n","protected":false},"excerpt":{"rendered":"<p>Un total de 28 proyectos de la regi\u00f3n resultaron beneficiados por el Fondo de Medios de Comunicaci\u00f3n 2019, que entrega el Ministerio Secretar\u00eda General de Gobierno, y cuyo objetivo es&#8230; <a class=\"read-more\" href=\"https:\/\/www.radiopresidenteibanez.cl\/web\/fondo-de-medios-28-proyectos-fueron-seleccionados-en-la-region-de-magallanes\/\">Leer m\u00e1s<\/a><\/p>\n","protected":false},"author":2,"featured_media":4913,"comment_status":"closed","ping_status":"closed","sticky":false,"template":"","format":"standard","meta":{"footnotes":""},"categories":[1],"tags":[],"class_list":["post-4912","post","type-post","status-publish","format-standard","has-post-thumbnail","hentry","category-cronica"],"_links":{"self":[{"href":"https:\/\/www.radiopresidenteibanez.cl\/web\/wp-json\/wp\/v2\/posts\/4912","targetHints":{"allow":["GET"]}}],"collection":[{"href":"https:\/\/www.radiopresidenteibanez.cl\/web\/wp-json\/wp\/v2\/posts"}],"about":[{"href":"https:\/\/www.radiopresidenteibanez.cl\/web\/wp-json\/wp\/v2\/types\/post"}],"author":[{"embeddable":true,"href":"https:\/\/www.radiopresidenteibanez.cl\/web\/wp-json\/wp\/v2\/users\/2"}],"replies":[{"embeddable":true,"href":"https:\/\/www.radiopresidenteibanez.cl\/web\/wp-json\/wp\/v2\/comments?post=4912"}],"version-history":[{"count":0,"href":"https:\/\/www.radiopresidenteibanez.cl\/web\/wp-json\/wp\/v2\/posts\/4912\/revisions"}],"wp:featuredmedia":[{"embeddable":true,"href":"https:\/\/www.radiopresidenteibanez.cl\/web\/wp-json\/wp\/v2\/media\/4913"}],"wp:attachment":[{"href":"https:\/\/www.radiopresidenteibanez.cl\/web\/wp-json\/wp\/v2\/media?parent=4912"}],"wp:term":[{"taxonomy":"category","embeddable":true,"href":"https:\/\/www.radiopresidenteibanez.cl\/web\/wp-json\/wp\/v2\/categories?post=4912"},{"taxonomy":"post_tag","embeddable":true,"href":"https:\/\/www.radiopresidenteibanez.cl\/web\/wp-json\/wp\/v2\/tags?post=4912"}],"curies":[{"name":"wp","href":"https:\/\/api.w.org\/{rel}","templated":true}]}}