{"id":49092,"date":"2024-06-11T14:13:00","date_gmt":"2024-06-11T17:13:00","guid":{"rendered":"https:\/\/www.radiopresidenteibanez.cl\/web\/?p=49092"},"modified":"2024-06-11T11:58:32","modified_gmt":"2024-06-11T14:58:32","slug":"con-exito-se-desarrollo-la-primera-feria-del-hacer-del-cft-de-magallanes-en-porvenir","status":"publish","type":"post","link":"https:\/\/www.radiopresidenteibanez.cl\/web\/con-exito-se-desarrollo-la-primera-feria-del-hacer-del-cft-de-magallanes-en-porvenir\/","title":{"rendered":"CON EXITO SE DESARROLLO LA PRIMERA FERIA DEL HACER DEL CFT DE MAGALLANES EN PORVENIR"},"content":{"rendered":"\n<p>Una positiva respuesta tuvo en la comunidad de Porvenir la primera versi\u00f3n de la Feria del Hacer organizada por el CFT de Magallanes en Porvenir, actividad socio-recreativa que ofreci\u00f3 a vecinos y vecinas la posibilidad de conocer m\u00e1s de cerca el quehacer diario de los y las estudiantes de las distintas carreras que imparte el CFT, adem\u00e1s de acceder a informaci\u00f3n, servicios y productos de instituciones p\u00fablicas, empresas y emprendedores de la Provincia de Tierra del Fuego.<\/p>\n\n\n\n<p>M\u00e1s de un centenar de habitantes de la capital de Tierra del Fuego acudieron a las instalaciones de calle Francisco Sampaio, sin saber que en el lugar les esperaba una serie de muestras interactivas de la actividad de las Fuerzas Armadas, agrupaciones sociales, pudiendo interactuar con diferentes representantes, y disfrutar de la llamativa presentaci\u00f3n de la Unidad de Canes Adiestrados de Gendarmer\u00eda de Chile, quienes hicieron gala de sus habilidades.<\/p>\n\n\n\n<p>Estudiantes de las carreras t\u00e9cnicas de Educaci\u00f3n Parvulario realizaron juegos educativos para ni\u00f1os y adultos, mientras que las estudiantes de T\u00e9cnico de Nivel Superior en Enfermer\u00eda entregaban informaci\u00f3n educativa para una mejor calidad de vida, adem\u00e1s de controles preventivos, sin olvidar los paseos a caballo para la comunidad y la interacci\u00f3n con ovinos.<\/p>\n\n\n\n<p>Por su parte, la carrera de Veterinaria encabez\u00f3 un operativo sanitario para perritos de la comuna, y estudiantes de Energ\u00eda montaron stands pr\u00e1cticos de su trabajo; y los estudiantes se sumaron a las tareas organizacionales y de log\u00edstica del evento.<\/p>\n\n\n\n<p>Tambi\u00e9n, la carrera de Ecoturismo comparti\u00f3 los resultados de su proyecto de avistamiento de aves en lagunas de Porvenir.<\/p>\n\n\n\n<p>A lo anterior se plegaron emprendedores que pudieron ofrecer sus productos y servicios, jugos y paseos a caballo fueron la coronaci\u00f3n para una tarde recreativa, educativa e interactiva que gir\u00f3 en torno a la innovaci\u00f3n y educaci\u00f3n.<\/p>\n\n\n\n<p>Entre las instituciones que se sumaron a la actividad estuvo: La Delegaci\u00f3n Provincial de Tierra del Fuego, Junji, Fuego Pet, Patitas Fueguinas, Gendarmer\u00eda, Ej\u00e9rcito de Chile, Armada de Chile, Carabineros, Fundaci\u00f3n Hach Saye, SAG, Centro de la Mujer, Conadi, Hospital Comunitario Dr. Marco Chamorro, Municipalidad de Porvenir, Registro Civil, Servicio de Salud, Senda Previene, y presentaciones art\u00edsticas de m\u00fasica \u00e1rabe, cheerleaders y una presentaci\u00f3n del grupo de Voces Karuk del Colegio Mar\u00eda Auxiliadora.<\/p>\n\n\n\n<p>Finalmente, las y los asistentes al evento no solo agradecieron la posibilidad de pasar un buen momento en medio de un marco festivo, sino adem\u00e1s destacaron el trabajo de las funcionarias y funcionarios del CFT que lograron organizar y sacar adelante de excelente manera la actividad que esperan se repita en el futuro.<\/p>\n","protected":false},"excerpt":{"rendered":"<p>Una positiva respuesta tuvo en la comunidad de Porvenir la primera versi\u00f3n de la Feria del Hacer organizada por el CFT de Magallanes en Porvenir, actividad socio-recreativa que ofreci\u00f3 a&#8230; <a class=\"read-more\" href=\"https:\/\/www.radiopresidenteibanez.cl\/web\/con-exito-se-desarrollo-la-primera-feria-del-hacer-del-cft-de-magallanes-en-porvenir\/\">Leer m\u00e1s<\/a><\/p>\n","protected":false},"author":2,"featured_media":49093,"comment_status":"closed","ping_status":"closed","sticky":false,"template":"","format":"standard","meta":{"footnotes":""},"categories":[1],"tags":[],"class_list":["post-49092","post","type-post","status-publish","format-standard","has-post-thumbnail","hentry","category-cronica"],"_links":{"self":[{"href":"https:\/\/www.radiopresidenteibanez.cl\/web\/wp-json\/wp\/v2\/posts\/49092","targetHints":{"allow":["GET"]}}],"collection":[{"href":"https:\/\/www.radiopresidenteibanez.cl\/web\/wp-json\/wp\/v2\/posts"}],"about":[{"href":"https:\/\/www.radiopresidenteibanez.cl\/web\/wp-json\/wp\/v2\/types\/post"}],"author":[{"embeddable":true,"href":"https:\/\/www.radiopresidenteibanez.cl\/web\/wp-json\/wp\/v2\/users\/2"}],"replies":[{"embeddable":true,"href":"https:\/\/www.radiopresidenteibanez.cl\/web\/wp-json\/wp\/v2\/comments?post=49092"}],"version-history":[{"count":0,"href":"https:\/\/www.radiopresidenteibanez.cl\/web\/wp-json\/wp\/v2\/posts\/49092\/revisions"}],"wp:featuredmedia":[{"embeddable":true,"href":"https:\/\/www.radiopresidenteibanez.cl\/web\/wp-json\/wp\/v2\/media\/49093"}],"wp:attachment":[{"href":"https:\/\/www.radiopresidenteibanez.cl\/web\/wp-json\/wp\/v2\/media?parent=49092"}],"wp:term":[{"taxonomy":"category","embeddable":true,"href":"https:\/\/www.radiopresidenteibanez.cl\/web\/wp-json\/wp\/v2\/categories?post=49092"},{"taxonomy":"post_tag","embeddable":true,"href":"https:\/\/www.radiopresidenteibanez.cl\/web\/wp-json\/wp\/v2\/tags?post=49092"}],"curies":[{"name":"wp","href":"https:\/\/api.w.org\/{rel}","templated":true}]}}