{"id":4909,"date":"2019-06-10T12:19:19","date_gmt":"2019-06-10T12:19:19","guid":{"rendered":"http:\/\/www.radiopresidenteibanez.cl\/web\/?p=4909"},"modified":"2019-06-10T12:19:40","modified_gmt":"2019-06-10T12:19:40","slug":"continua-ordenadamente-el-proceso-de-consulta-indigena-2019-en-la-region-de-magallanes-y-la-antartica-chilena","status":"publish","type":"post","link":"https:\/\/www.radiopresidenteibanez.cl\/web\/continua-ordenadamente-el-proceso-de-consulta-indigena-2019-en-la-region-de-magallanes-y-la-antartica-chilena\/","title":{"rendered":"CONTIN\u00daA ORDENADAMENTE EL PROCESO DE CONSULTA IND\u00cdGENA 2019 EN LA REGI\u00d3N DE MAGALLANES Y LA ANT\u00c1RTICA CHILENA"},"content":{"rendered":"\n<p>Las autoridades de Gobierno destacaron que la primera etapa de la Consulta Ind\u00edgena 2019, que corresponde al proceso de planificaci\u00f3n, contin\u00fae desarroll\u00e1ndose de forma ordenada en Magallanes.<\/p>\n\n\n\n<p>Un total de 322 representantes de los pueblos originarios kaweskar, yagan y mapuche-huilliche participaron en esta primera etapa del proceso que se desarroll\u00f3 en dependencias del edificio Bioclim\u00e1tico de la seremi de Salud en Punta Arenas; gobernaci\u00f3n de la provincia de \u00daltima Esperanz; sal\u00f3n del restaurant Comor\u00e1n de las Rocas de Puerto Natales, y en la Escuela Miguel Montecinos de Puerto Ed\u00e9n.<\/p>\n\n\n\n<p>En ese sentido, tras realizarse esta semana el trabajo en las comunas de Puerto Williams y Porvenir, comenzar\u00e1 a ejecutarse la etapa de informaci\u00f3n, donde se les entregar\u00e1n todos los antecedentes de la medida, se consideran adem\u00e1s los motivos que la justifican, la naturaleza de la medida, su alcance e implicancias.<\/p>\n\n\n\n<p>La importancia de este proceso est\u00e1 dado porque es el paso previo para cualquier actualizaci\u00f3n a la Ley Ind\u00edgena y m\u00e1s importante a\u00fan, porque el gobierno del Presidente Sebasti\u00e1n Pi\u00f1era, cree firmemente en el derecho de participaci\u00f3n ciudadana de toda persona ind\u00edgena.<\/p>\n\n\n\n<p>La seremi de Gobierno, Alejandra Mu\u00f1oz, manifesto que \u201cnos sentimos satisfechos por estar llevando a cabo este proceso de manera ordenada, con un di\u00e1logo inclusivo y donde el llamado es a conseguir acuerdos en pro de los pueblos originarios\u201d.<\/p>\n\n\n\n<p>Este proceso se est\u00e1 llevando a cabo despu\u00e9s de m\u00e1s de un a\u00f1o de trabajo con las propias comunidades, tiempo en el que se han podido recoger sus inquietudes para elaborar las propuestas que hoy se est\u00e1n consultando.<br> Esta Consulta Ind\u00edgena 2019 se prolongar\u00e1 por alrededor de seis meses, y es liderada por el Ministerio de Desarrollo Social y Familia, a trav\u00e9s de la Unidad de Coordinaci\u00f3n de Asuntos Ind\u00edgenas (UCAI). <\/p>\n\n\n\n<p>En t\u00e9rminos de convocatoria, se ha registrado una participaci\u00f3n mayor nacional de m\u00e1s de dos mil personas a lo largo del pa\u00eds, superior a la m\u00e1s alta convocatoria en los registros de consulta ind\u00edgena que fue el proceso relativo al reconocimiento constitucional de los pueblos ind\u00edgenas del a\u00f1o 2017.<\/p>\n\n\n\n<p>De igual modo el gobierno reitera la invitaci\u00f3n bajo el lema \u201cUn buen di\u00e1logo trae buenos acuerdos\u201d, a los miembros y representantes de los nueve pueblos ind\u00edgenas reconocidos por la actual legislaci\u00f3n para participar de la Consulta Ind\u00edgena 2019, cuyo fin es actualizar y mejorar el cuerpo legal que regula el reconocimiento y desarrollo de las comunidades originarias vigente desde el a\u00f1o 1993, (Ley 19.253).<\/p>\n\n\n\n<p>Las cinco etapas del proceso son: Planificaci\u00f3n, del 22 de mayo al 28 de junio; Entrega de Informaci\u00f3n, del 1 de julio al 5 de agosto; Deliberaci\u00f3n Interna, del 6 de agosto al 10 de septiembre (etapa donde no participan funcionarios p\u00fablicos); Di\u00e1logo, del 21 de octubre al 26 de noviembre, y Sistematizaci\u00f3n de los resultados y t\u00e9rmino del proceso, contemplado para el 17 de diciembre. <\/p>\n\n\n\n<figure class=\"wp-block-image\"><img loading=\"lazy\" decoding=\"async\" width=\"640\" height=\"335\" src=\"http:\/\/www.radiopresidenteibanez.cl\/web\/wp-content\/uploads\/2019\/06\/WhatsApp-Image-2019-05-07-at-17.12.51-640x335.jpeg\" alt=\"\" class=\"wp-image-4910\" srcset=\"https:\/\/www.radiopresidenteibanez.cl\/web\/wp-content\/uploads\/2019\/06\/WhatsApp-Image-2019-05-07-at-17.12.51-640x335.jpeg 640w, https:\/\/www.radiopresidenteibanez.cl\/web\/wp-content\/uploads\/2019\/06\/WhatsApp-Image-2019-05-07-at-17.12.51-640x335-300x157.jpeg 300w\" sizes=\"auto, (max-width: 640px) 100vw, 640px\" \/><\/figure>\n","protected":false},"excerpt":{"rendered":"<p>Las autoridades de Gobierno destacaron que la primera etapa de la Consulta Ind\u00edgena 2019, que corresponde al proceso de planificaci\u00f3n, contin\u00fae desarroll\u00e1ndose de forma ordenada en Magallanes. Un total de&#8230; <a class=\"read-more\" href=\"https:\/\/www.radiopresidenteibanez.cl\/web\/continua-ordenadamente-el-proceso-de-consulta-indigena-2019-en-la-region-de-magallanes-y-la-antartica-chilena\/\">Leer m\u00e1s<\/a><\/p>\n","protected":false},"author":2,"featured_media":4910,"comment_status":"closed","ping_status":"closed","sticky":false,"template":"","format":"standard","meta":{"footnotes":""},"categories":[1],"tags":[],"class_list":["post-4909","post","type-post","status-publish","format-standard","has-post-thumbnail","hentry","category-cronica"],"_links":{"self":[{"href":"https:\/\/www.radiopresidenteibanez.cl\/web\/wp-json\/wp\/v2\/posts\/4909","targetHints":{"allow":["GET"]}}],"collection":[{"href":"https:\/\/www.radiopresidenteibanez.cl\/web\/wp-json\/wp\/v2\/posts"}],"about":[{"href":"https:\/\/www.radiopresidenteibanez.cl\/web\/wp-json\/wp\/v2\/types\/post"}],"author":[{"embeddable":true,"href":"https:\/\/www.radiopresidenteibanez.cl\/web\/wp-json\/wp\/v2\/users\/2"}],"replies":[{"embeddable":true,"href":"https:\/\/www.radiopresidenteibanez.cl\/web\/wp-json\/wp\/v2\/comments?post=4909"}],"version-history":[{"count":0,"href":"https:\/\/www.radiopresidenteibanez.cl\/web\/wp-json\/wp\/v2\/posts\/4909\/revisions"}],"wp:featuredmedia":[{"embeddable":true,"href":"https:\/\/www.radiopresidenteibanez.cl\/web\/wp-json\/wp\/v2\/media\/4910"}],"wp:attachment":[{"href":"https:\/\/www.radiopresidenteibanez.cl\/web\/wp-json\/wp\/v2\/media?parent=4909"}],"wp:term":[{"taxonomy":"category","embeddable":true,"href":"https:\/\/www.radiopresidenteibanez.cl\/web\/wp-json\/wp\/v2\/categories?post=4909"},{"taxonomy":"post_tag","embeddable":true,"href":"https:\/\/www.radiopresidenteibanez.cl\/web\/wp-json\/wp\/v2\/tags?post=4909"}],"curies":[{"name":"wp","href":"https:\/\/api.w.org\/{rel}","templated":true}]}}