{"id":49066,"date":"2024-06-10T15:19:00","date_gmt":"2024-06-10T18:19:00","guid":{"rendered":"https:\/\/www.radiopresidenteibanez.cl\/web\/?p=49066"},"modified":"2024-06-10T12:00:55","modified_gmt":"2024-06-10T15:00:55","slug":"promueven-plan-de-trabajo-publico-privado-para-dar-valor-agregado-a-la-carne-de-guanaco","status":"publish","type":"post","link":"https:\/\/www.radiopresidenteibanez.cl\/web\/promueven-plan-de-trabajo-publico-privado-para-dar-valor-agregado-a-la-carne-de-guanaco\/","title":{"rendered":"PROMUEVEN PLAN DE TRABAJO PUBLICO PRIVADO PARA DAR VALOR AGREGADO A LA CARNE DE GUANACO"},"content":{"rendered":"\n<p>El desarrollo sustentable del guanaco como especie nativa presenta un gran<br>potencial de productos y servicios asociados al manejo racional y met\u00f3dico del<br>emblem\u00e1tico \u00edcono del paisaje de la Patagonia Austral.<br>Con la participaci\u00f3n del sector industrial de la carne, directivos de Asogama,<br>representante de la fundaci\u00f3n que rescata la cultura Selknam en Tierra del Fuego,<br>los directores de los servicios del agro, INIA, INDAP, SAG y CONAF, WCS,<br>servicio de salud, ProChile y la Seremi de econom\u00eda, se convoc\u00f3 la segunda mesa<br>de trabajo que lidera la Secretaria Regional Ministerial de Agricultura, Irene<br>Ram\u00edrez M\u00e9rida.<br>Estamos realizando un plan de trabajo que considera todas las miradas con el<br>prop\u00f3sito de contribuir a dar valor agregado a un recurso nativo como es el<br>guanaco y que brinda la oportunidad de aportar una carne magra con un alto valor<br>nutricional y que es desconocida por gran parte de la poblaci\u00f3n regional, afirm\u00f3 la<br>Seremi de Agricultura.<br>Por su parte Felipe Tafra, gerente comercial de la planta faenadora ubicada en la<br>isla de Tierra del Fuego donde se procesa una cuota importante de guanacos<br>certificada por el SAG, manifest\u00f3 que \u201cfalta incorporar a la poblaci\u00f3n regional para<br>el consumo de carne de guanaco, cuyo precio es aproximadamente un 15% m\u00e1s<br>barata que la de vacuno\u201d.<br>La carne es baja en colesterol y l\u00edpidos, ricas en minerales de hierro, f\u00f3sforo,<br>magnesio y potasio y tambi\u00e9n en una rica fuente de vitaminas del grupo B,<br>especialmente B6 y B12. Adem\u00e1s, dijo Tafra, se trata de una carne magra y que<br>siempre ha sido consumida, considerando incluso la poblaci\u00f3n de aborigen como<br>los Selkman, que cuenta con una representante en la mesa y que est\u00e1 de acuerdo<br>en promocionar el consumo de esta carne dentro de la poblaci\u00f3n Magall\u00e1nica.<br>Un Punto importante y destacado en la mesa fue la propuesta de trabajo conjunto<br>en acciones de comercializaci\u00f3n y marketing, punto clave para abordar las otras 4<br>l\u00edneas de acci\u00f3n que aborda el presente plan.<br>As\u00ed mismo la difusi\u00f3n y educaci\u00f3n es considerada como un pilar importante,<br>\u201cestamos manejando una especie nativa que dado a los estudios y la condici\u00f3n<br>que hoy en d\u00eda se presenta en esta regi\u00f3n nos da la posibilidad de poder ejecutar<br>esta propuesta de trabajo\u201d, manifest\u00f3 la Seremi de Agricultura.<\/p>\n","protected":false},"excerpt":{"rendered":"<p>El desarrollo sustentable del guanaco como especie nativa presenta un granpotencial de productos y servicios asociados al manejo racional y met\u00f3dico delemblem\u00e1tico \u00edcono del paisaje de la Patagonia Austral.Con la&#8230; <a class=\"read-more\" href=\"https:\/\/www.radiopresidenteibanez.cl\/web\/promueven-plan-de-trabajo-publico-privado-para-dar-valor-agregado-a-la-carne-de-guanaco\/\">Leer m\u00e1s<\/a><\/p>\n","protected":false},"author":2,"featured_media":49067,"comment_status":"closed","ping_status":"closed","sticky":false,"template":"","format":"standard","meta":{"footnotes":""},"categories":[1],"tags":[],"class_list":["post-49066","post","type-post","status-publish","format-standard","has-post-thumbnail","hentry","category-cronica"],"_links":{"self":[{"href":"https:\/\/www.radiopresidenteibanez.cl\/web\/wp-json\/wp\/v2\/posts\/49066","targetHints":{"allow":["GET"]}}],"collection":[{"href":"https:\/\/www.radiopresidenteibanez.cl\/web\/wp-json\/wp\/v2\/posts"}],"about":[{"href":"https:\/\/www.radiopresidenteibanez.cl\/web\/wp-json\/wp\/v2\/types\/post"}],"author":[{"embeddable":true,"href":"https:\/\/www.radiopresidenteibanez.cl\/web\/wp-json\/wp\/v2\/users\/2"}],"replies":[{"embeddable":true,"href":"https:\/\/www.radiopresidenteibanez.cl\/web\/wp-json\/wp\/v2\/comments?post=49066"}],"version-history":[{"count":0,"href":"https:\/\/www.radiopresidenteibanez.cl\/web\/wp-json\/wp\/v2\/posts\/49066\/revisions"}],"wp:featuredmedia":[{"embeddable":true,"href":"https:\/\/www.radiopresidenteibanez.cl\/web\/wp-json\/wp\/v2\/media\/49067"}],"wp:attachment":[{"href":"https:\/\/www.radiopresidenteibanez.cl\/web\/wp-json\/wp\/v2\/media?parent=49066"}],"wp:term":[{"taxonomy":"category","embeddable":true,"href":"https:\/\/www.radiopresidenteibanez.cl\/web\/wp-json\/wp\/v2\/categories?post=49066"},{"taxonomy":"post_tag","embeddable":true,"href":"https:\/\/www.radiopresidenteibanez.cl\/web\/wp-json\/wp\/v2\/tags?post=49066"}],"curies":[{"name":"wp","href":"https:\/\/api.w.org\/{rel}","templated":true}]}}