{"id":49050,"date":"2024-06-10T09:40:00","date_gmt":"2024-06-10T12:40:00","guid":{"rendered":"https:\/\/www.radiopresidenteibanez.cl\/web\/?p=49050"},"modified":"2024-06-10T08:28:27","modified_gmt":"2024-06-10T11:28:27","slug":"los-perseguidos","status":"publish","type":"post","link":"https:\/\/www.radiopresidenteibanez.cl\/web\/los-perseguidos\/","title":{"rendered":"LOS PERSEGUIDOS"},"content":{"rendered":"\n<p>El alcalde de Recoleta, Daniel Jadue, est\u00e1 en prisi\u00f3n preventiva imputado por cohecho, fraude al fisco, estafa y administraci\u00f3n desleal, en el marco de una investigaci\u00f3n por las operaciones de laAsociaci\u00f3n Chilena de Municipalidades con Farmacias Populares la cual presid\u00eda durante la pandemia del Covid-19.<\/p>\n\n\n\n<p>Una vez que el tribunal dispuso la prisi\u00f3n preventiva, el alcalde acus\u00f3 que se trataba de una persecuci\u00f3n en su contra, por ser comunista.<\/p>\n\n\n\n<p>Perseguido o no, vaya uno a saber, lo cierto es que pareceque no es el \u00fanico perseguido.<\/p>\n\n\n\n<p>Desde junio de 2023 hasta febrero de este a\u00f1o, el exalcalde de Vitacura,&nbsp;Ra\u00fal Torrealba, independiente ex Renovaci\u00f3n Nacional, cumpli\u00f3&nbsp;ocho meses bajo prisi\u00f3n preventiva&nbsp;en el Anexo Penitenciario Capit\u00e1n Y\u00e1ber, justo donde Jadue est\u00e1 tambi\u00e9n ahora.<\/p>\n\n\n\n<p>Otra, la exalcaldesa de Maip\u00fa,&nbsp;Cathy Barriga, independiente exUDI,&nbsp;es investigada por su presunta responsabilidad como autora -en grado de desarrollo consumado- de delitos reiterados de&nbsp;fraude al fisco y falsificaci\u00f3n de instrumento p\u00fablico.<\/p>\n\n\n\n<p>El alcalde de San Ignacio -en la Regi\u00f3n del \u00d1uble-,&nbsp;C\u00e9sar Figueroa, independiente ex UDI, estuvo en prisi\u00f3n preventiva&nbsp;imputado por los delitos de&nbsp;cohecho, fraude al fisco, falsificaci\u00f3n de instrumento p\u00fablico y malversaci\u00f3n de caudales p\u00fablicos.<\/p>\n\n\n\n<p>El pasado 10 de abril, se decret\u00f3 la prisi\u00f3n preventiva del alcalde de Rancagua,&nbsp;Juan Ram\u00f3n Godoy, independiente ex Partido Socialista, acusado&nbsp;de los presuntos delitos defraude al fisco, malversaci\u00f3n de fondos p\u00fablicos, cohecho y soborno.<\/p>\n\n\n\n<p>En noviembre del a\u00f1o pasado, el entonces alcalde de Algarrobo -Regi\u00f3n de Valpara\u00edso-,Jos\u00e9 Luis Y\u00e1\u00f1ez(expulsado de la UDI), qued\u00f3 en prisi\u00f3n preventiva tras ser formalizado por los delitos reiterados demalversaci\u00f3n de caudales p\u00fablicos y cohecho.<\/p>\n\n\n\n<p>Perseguidos o no, como dec\u00eda un personaje literario, algo huele mal en las municipalidades.<\/p>\n","protected":false},"excerpt":{"rendered":"<p>El alcalde de Recoleta, Daniel Jadue, est\u00e1 en prisi\u00f3n preventiva imputado por cohecho, fraude al fisco, estafa y administraci\u00f3n desleal, en el marco de una investigaci\u00f3n por las operaciones de&#8230; <a class=\"read-more\" href=\"https:\/\/www.radiopresidenteibanez.cl\/web\/los-perseguidos\/\">Leer m\u00e1s<\/a><\/p>\n","protected":false},"author":2,"featured_media":49051,"comment_status":"closed","ping_status":"closed","sticky":false,"template":"","format":"standard","meta":{"footnotes":""},"categories":[1],"tags":[],"class_list":["post-49050","post","type-post","status-publish","format-standard","has-post-thumbnail","hentry","category-cronica"],"_links":{"self":[{"href":"https:\/\/www.radiopresidenteibanez.cl\/web\/wp-json\/wp\/v2\/posts\/49050","targetHints":{"allow":["GET"]}}],"collection":[{"href":"https:\/\/www.radiopresidenteibanez.cl\/web\/wp-json\/wp\/v2\/posts"}],"about":[{"href":"https:\/\/www.radiopresidenteibanez.cl\/web\/wp-json\/wp\/v2\/types\/post"}],"author":[{"embeddable":true,"href":"https:\/\/www.radiopresidenteibanez.cl\/web\/wp-json\/wp\/v2\/users\/2"}],"replies":[{"embeddable":true,"href":"https:\/\/www.radiopresidenteibanez.cl\/web\/wp-json\/wp\/v2\/comments?post=49050"}],"version-history":[{"count":0,"href":"https:\/\/www.radiopresidenteibanez.cl\/web\/wp-json\/wp\/v2\/posts\/49050\/revisions"}],"wp:featuredmedia":[{"embeddable":true,"href":"https:\/\/www.radiopresidenteibanez.cl\/web\/wp-json\/wp\/v2\/media\/49051"}],"wp:attachment":[{"href":"https:\/\/www.radiopresidenteibanez.cl\/web\/wp-json\/wp\/v2\/media?parent=49050"}],"wp:term":[{"taxonomy":"category","embeddable":true,"href":"https:\/\/www.radiopresidenteibanez.cl\/web\/wp-json\/wp\/v2\/categories?post=49050"},{"taxonomy":"post_tag","embeddable":true,"href":"https:\/\/www.radiopresidenteibanez.cl\/web\/wp-json\/wp\/v2\/tags?post=49050"}],"curies":[{"name":"wp","href":"https:\/\/api.w.org\/{rel}","templated":true}]}}