{"id":49038,"date":"2024-06-08T15:47:00","date_gmt":"2024-06-08T18:47:00","guid":{"rendered":"https:\/\/www.radiopresidenteibanez.cl\/web\/?p=49038"},"modified":"2024-06-08T09:52:01","modified_gmt":"2024-06-08T12:52:01","slug":"delegado-presidencial-encabeza-reunion-de-coordinacion-por-elecciones-primarias","status":"publish","type":"post","link":"https:\/\/www.radiopresidenteibanez.cl\/web\/delegado-presidencial-encabeza-reunion-de-coordinacion-por-elecciones-primarias\/","title":{"rendered":"Delegado Presidencial encabeza reuni\u00f3n de coordinaci\u00f3n por elecciones primarias"},"content":{"rendered":"\n<p>El encuentro, realizado en Casa de los Intendentes, en el que particip\u00f3 el Delegado Presidencial Regional, Jos\u00e9 Ruiz Pivcevic, el General de Carabineros, Jefe de Zona, Marco Alvarado D\u00edaz, el Comandante de Ej\u00e9rcito, el Jefe de Estado Mayor del Comando Conjunto, C\u00e9sar Negrete Cristi, el Director (s) de Senapred, Luis Calixto, Alejandro Groves, Profesional de proyectos de la subdirecci\u00f3n de infraestructura y mantenimiento del Servicio Local de Educaci\u00f3n P\u00fablica, Slep y tuvo por objetivo revisar que, de cara a la realizaci\u00f3n de los comicios de este domingo, est\u00e9n dadas las condiciones necesarias para garantizar todo el apoyo al Servicio Electoral y la certeza, a la comunidad, de que la votaci\u00f3n se desarrollar\u00e1 sin inconvenientes.<br>Tras la reuni\u00f3n, el Delegado Presidencial Regional, Jos\u00e9 Ruiz Pivcevic inform\u00f3 que se est\u00e1n tomando todas las medidas necesarias para los comicios de este domingo, 9 de junio, se efect\u00faen sin contratiempos e indic\u00f3 que \u201cesta reuni\u00f3n fue realizada para establecer las coordinaciones de lo que ser\u00e1 la jornada de elecciones primarias en la comuna de Punta Arenas este d\u00eda domingo, est\u00e1 todo dispuesto para que sea una jornada tranquila y esperamos que la gente acuda a votar. Recuerden que el voto es voluntario por lo tanto no hay lugar donde se puedan excusar\u201d.<br>En esta elecci\u00f3n de primarias se definen los candidatos para alcaldes y gobernadores de diferentes comunas y regiones del pa\u00eds. En Punta Arenas, la elecci\u00f3n solo definir\u00e1 candidato o candidata a alcalde(sa).<br>Con respecto a la cantidad de locales que ser\u00e1n habilitados, el Delegado Ruiz inform\u00f3 que \u201chay 16 locales de votaci\u00f3n en Punta Arenas y uno en Puerto Harris, 8 a cargo del Ej\u00e9rcito, 5 de la Armada y 4 de la Fuerza A\u00e9rea. Ya est\u00e1n bajo el control de la Jefatura Regional Militar, con el General Carlos Mu\u00f1oz de la Puente, a quien se le han entregado los establecimientos, as\u00ed es que est\u00e1 todo dispuesto para que sea una jornada c\u00edvica tranquila, como se caracteriza en nuestro pa\u00eds\u201d, puntualiz\u00f3 la autoridad.<br>En l\u00ednea con el Delegado, el General de Carabineros, manifest\u00f3 que \u201choy d\u00eda ya se est\u00e1 realizando la distribuci\u00f3n de los votos y eso est\u00e1 siendo escoltado por parte de personal de Carabineros y tenemos un servicio especial, desplegado para este proceso que se viene el fin de semana. A partir de las 15:00hrs del d\u00eda s\u00e1bado realizaremos servicios preventivos al interior de los locales de votaci\u00f3n y el d\u00eda s\u00e1bado tambi\u00e9n en la jornada c\u00edvica, que esperamos sea normal, como siempre lo ha sido y como se ha caracterizado en esta comuna de Punta Arenas\u201d.<\/p>\n\n\n\n<p>Asimismo el Director (s) de Senapred, Luis Calixto, anunci\u00f3 que, en forma preventiva, en el d\u00eda de<br>ayer se firm\u00f3 y distribuy\u00f3 un procedimiento de coordinaci\u00f3n ante evento masivo, explicando que esto se desarrolla \u201cpara reforzar el monitoreo de las instituciones, el ABC de emergencias<br>(Ambulancias, Bomberos, Carabineros), las Fuerzas Armadas. Y ante cualquier eventualidad en caso de alg\u00fan acontecimiento mayor o complejo, el Comit\u00e9 para la Gesti\u00f3n de Riesgos y Desastres (Cogrid), siempre est\u00e1 disponible para coordinar todas las acciones de respuesta que se requieran ante un evento mayor que ojal\u00e1 no suceda\u201d.<br>Para el d\u00eda domingo, se reforzar\u00e1 el monitoreo, y los servicios p\u00fablicos han sido avisados para<br>informar a Senapred sobre cualquier evento, para ser reportado al Delegado y tomar el curso de<br>acci\u00f3n necesario para responder ante cualquier situaci\u00f3n an\u00f3mala. Las mesas abrir\u00e1n a las 08.00 y cerrar\u00e1n a las 18.00 horas; si es que en la mesa no hay nadie esperando para sufragar.<\/p>\n","protected":false},"excerpt":{"rendered":"<p>El encuentro, realizado en Casa de los Intendentes, en el que particip\u00f3 el Delegado Presidencial Regional, Jos\u00e9 Ruiz Pivcevic, el General de Carabineros, Jefe de Zona, Marco Alvarado D\u00edaz, el&#8230; <a class=\"read-more\" href=\"https:\/\/www.radiopresidenteibanez.cl\/web\/delegado-presidencial-encabeza-reunion-de-coordinacion-por-elecciones-primarias\/\">Leer m\u00e1s<\/a><\/p>\n","protected":false},"author":2,"featured_media":49039,"comment_status":"closed","ping_status":"closed","sticky":false,"template":"","format":"standard","meta":{"footnotes":""},"categories":[1],"tags":[],"class_list":["post-49038","post","type-post","status-publish","format-standard","has-post-thumbnail","hentry","category-cronica"],"_links":{"self":[{"href":"https:\/\/www.radiopresidenteibanez.cl\/web\/wp-json\/wp\/v2\/posts\/49038","targetHints":{"allow":["GET"]}}],"collection":[{"href":"https:\/\/www.radiopresidenteibanez.cl\/web\/wp-json\/wp\/v2\/posts"}],"about":[{"href":"https:\/\/www.radiopresidenteibanez.cl\/web\/wp-json\/wp\/v2\/types\/post"}],"author":[{"embeddable":true,"href":"https:\/\/www.radiopresidenteibanez.cl\/web\/wp-json\/wp\/v2\/users\/2"}],"replies":[{"embeddable":true,"href":"https:\/\/www.radiopresidenteibanez.cl\/web\/wp-json\/wp\/v2\/comments?post=49038"}],"version-history":[{"count":0,"href":"https:\/\/www.radiopresidenteibanez.cl\/web\/wp-json\/wp\/v2\/posts\/49038\/revisions"}],"wp:featuredmedia":[{"embeddable":true,"href":"https:\/\/www.radiopresidenteibanez.cl\/web\/wp-json\/wp\/v2\/media\/49039"}],"wp:attachment":[{"href":"https:\/\/www.radiopresidenteibanez.cl\/web\/wp-json\/wp\/v2\/media?parent=49038"}],"wp:term":[{"taxonomy":"category","embeddable":true,"href":"https:\/\/www.radiopresidenteibanez.cl\/web\/wp-json\/wp\/v2\/categories?post=49038"},{"taxonomy":"post_tag","embeddable":true,"href":"https:\/\/www.radiopresidenteibanez.cl\/web\/wp-json\/wp\/v2\/tags?post=49038"}],"curies":[{"name":"wp","href":"https:\/\/api.w.org\/{rel}","templated":true}]}}