{"id":49026,"date":"2024-06-07T17:01:35","date_gmt":"2024-06-07T20:01:35","guid":{"rendered":"https:\/\/www.radiopresidenteibanez.cl\/web\/?p=49026"},"modified":"2024-06-07T17:01:42","modified_gmt":"2024-06-07T20:01:42","slug":"declaracion-publica-servicio-salud","status":"publish","type":"post","link":"https:\/\/www.radiopresidenteibanez.cl\/web\/declaracion-publica-servicio-salud\/","title":{"rendered":"DECLARACION PUBLICA SERVICIO SALUD"},"content":{"rendered":"\n<p>En el marco de las declaraciones vertidas por funcionarios del Servicio de Salud Magallanes (SSM), en el programa \u201cOpini\u00f3n p\u00fablica\u201d de la radio Presidente Ib\u00e1\u00f1ez, resulta imperioso abordar algunas imprecisiones en las que se incurri\u00f3 a prop\u00f3sito de la instituci\u00f3n Club de Pacientes Psiqui\u00e1tricos, Agrupaci\u00f3n Miraflores:<br>Efectivamente, se indic\u00f3 de manera err\u00f3nea, que dicha entidad era responsable de la<br>administraci\u00f3n del complejo Miraflores, no obstante, es dable aclarar que ello no es as\u00ed y s\u00f3lo<br>responde a una confusi\u00f3n del profesional que emiti\u00f3 la declaraci\u00f3n, quien se encuentra ligado<br>al Departamento de Obras Civiles del SSM y por tanto, no se encontraba en estrecha relaci\u00f3n<br>con la administraci\u00f3n del complejo, la que siempre ha sido de responsabilidad del SSM,<br>instituci\u00f3n que ha perseguido insistentemente en dar cumplimiento tanto a la normativa que<br>regula su edificaci\u00f3n, como aquella derivada de los mandatos de la autoridad sanitaria.<br>\uf0b7 Se enfatiza que la declaraci\u00f3n que lamentablemente invit\u00f3 al error y fue objeto de rechazo por<br>parte del Club de Pacientes Psiqui\u00e1tricos, Agrupaci\u00f3n Miraflores, no es m\u00e1s que un infortunio<br>comunicacional, toda vez que la mentada Agrupaci\u00f3n s\u00f3lo obr\u00f3 como proveedor de servicios<br>para el SSM, en el marco de la ley de compras N\u00b019.886 y la correspondiente externalizaci\u00f3n<br>en la entrega de prestaciones de salud mental en los denominados Hogares Protegidos, lo que<br>puede ser corroborado en el portal p\u00fablico www.mercadopublico.cl, siendo de sencillo acceso<br>a dicha informaci\u00f3n.<br>\uf0b7 Se desea aprovechar esta instancia, para acentuar que los esfuerzos del SSM est\u00e1n<br>actualmente concentrados en la mejora del recinto asistencial, con miras a contar con<br>dependencias que den estricto cumplimiento al ordenamiento jur\u00eddico, con el objetivo de<br>entregar un espacio amigable tanto a nuestros funcionarios como a la comunidad.<br>\uf0b7 Se agradece la instancia de aportar en la aclaraci\u00f3n de estos dichos y se quiere acentuar que<br>se lamentan los inconvenientes que pudieron causarse a prop\u00f3sito de ellos.<\/p>\n","protected":false},"excerpt":{"rendered":"<p>En el marco de las declaraciones vertidas por funcionarios del Servicio de Salud Magallanes (SSM), en el programa \u201cOpini\u00f3n p\u00fablica\u201d de la radio Presidente Ib\u00e1\u00f1ez, resulta imperioso abordar algunas imprecisiones&#8230; <a class=\"read-more\" href=\"https:\/\/www.radiopresidenteibanez.cl\/web\/declaracion-publica-servicio-salud\/\">Leer m\u00e1s<\/a><\/p>\n","protected":false},"author":2,"featured_media":49027,"comment_status":"closed","ping_status":"closed","sticky":false,"template":"","format":"standard","meta":{"footnotes":""},"categories":[1],"tags":[],"class_list":["post-49026","post","type-post","status-publish","format-standard","has-post-thumbnail","hentry","category-cronica"],"_links":{"self":[{"href":"https:\/\/www.radiopresidenteibanez.cl\/web\/wp-json\/wp\/v2\/posts\/49026","targetHints":{"allow":["GET"]}}],"collection":[{"href":"https:\/\/www.radiopresidenteibanez.cl\/web\/wp-json\/wp\/v2\/posts"}],"about":[{"href":"https:\/\/www.radiopresidenteibanez.cl\/web\/wp-json\/wp\/v2\/types\/post"}],"author":[{"embeddable":true,"href":"https:\/\/www.radiopresidenteibanez.cl\/web\/wp-json\/wp\/v2\/users\/2"}],"replies":[{"embeddable":true,"href":"https:\/\/www.radiopresidenteibanez.cl\/web\/wp-json\/wp\/v2\/comments?post=49026"}],"version-history":[{"count":0,"href":"https:\/\/www.radiopresidenteibanez.cl\/web\/wp-json\/wp\/v2\/posts\/49026\/revisions"}],"wp:featuredmedia":[{"embeddable":true,"href":"https:\/\/www.radiopresidenteibanez.cl\/web\/wp-json\/wp\/v2\/media\/49027"}],"wp:attachment":[{"href":"https:\/\/www.radiopresidenteibanez.cl\/web\/wp-json\/wp\/v2\/media?parent=49026"}],"wp:term":[{"taxonomy":"category","embeddable":true,"href":"https:\/\/www.radiopresidenteibanez.cl\/web\/wp-json\/wp\/v2\/categories?post=49026"},{"taxonomy":"post_tag","embeddable":true,"href":"https:\/\/www.radiopresidenteibanez.cl\/web\/wp-json\/wp\/v2\/tags?post=49026"}],"curies":[{"name":"wp","href":"https:\/\/api.w.org\/{rel}","templated":true}]}}