{"id":49001,"date":"2024-06-07T09:40:00","date_gmt":"2024-06-07T12:40:00","guid":{"rendered":"https:\/\/www.radiopresidenteibanez.cl\/web\/?p=49001"},"modified":"2024-06-07T08:44:59","modified_gmt":"2024-06-07T11:44:59","slug":"alianza-entre-cft-estatal-y-slep-magallanes-fortalece-la-educacion-tecnica-en-la-region","status":"publish","type":"post","link":"https:\/\/www.radiopresidenteibanez.cl\/web\/alianza-entre-cft-estatal-y-slep-magallanes-fortalece-la-educacion-tecnica-en-la-region\/","title":{"rendered":"ALIANZA ENTRE CFT ESTATAL y SLEP MAGALLANES FORTALECE LA EDUCACION TECNICA EN LA REGION"},"content":{"rendered":"\n<p>La matr\u00edcula en los establecimientos t\u00e9cnico profesionales que dependen del<br>Servicio Local de Educaci\u00f3n P\u00fablica Magallanes es de 2763 alumnos, distribuidos<br>en siete liceos. Se trata de un \u00e1mbito formativo que se ha definido como uno de<br>los prioritarios en la gesti\u00f3n del nuevo sostenedor.<br>En ese contexto, se acaba de concretar un convenio entre el SLEP Magallanes y<br>el Centro de Formaci\u00f3n T\u00e9cnica estatal de la regi\u00f3n (CFT) para fortalecer el<br>desarrollo de la educaci\u00f3n t\u00e9cnico profesional a trav\u00e9s de su continuidad desde la<br>ense\u00f1anza media al nivel superior.<br>El acuerdo abre la posibilidad al desarrollo conjunto de eventos acad\u00e9micos y de<br>orientaci\u00f3n vocacional para los estudiantes, levantamiento y actualizaci\u00f3n de<br>perfiles de egreso, iniciativas de innovaci\u00f3n acad\u00e9mica y de articulaci\u00f3n formativa<br>de los estudiantes de ense\u00f1anza media con las carreras que imparte el CFT, entre<br>otras materias.<br>La rectora del CFT Magallanes, Valeria Gallardo Abello, destac\u00f3 que el acuerdo<br>con el SLEP Magallanes \u201cabre un sinn\u00famero de posibilidades para trabajar en una<br>conexi\u00f3n profunda con los establecimientos t\u00e9cnico profesionales\u201d.<br>Agreg\u00f3 que \u201cla trayectoria formativa que empieza en educaci\u00f3n media tiene un<br>ciclo virtuoso que contin\u00faa en la educaci\u00f3n t\u00e9cnico profesional de nivel superior y<br>m\u00e1s adelante se permea en la educaci\u00f3n continua, certificaciones y<br>especializaciones, e incluso carreras a nivel profesional\u201d.<br>Por su parte, el director ejecutivo del SLEP Magallanes, Mario Garc\u00eda Mart\u00ednez,<br>coment\u00f3 que el acuerdo representa un hito para la educaci\u00f3n p\u00fablica por el<br>desaf\u00edo de trabajar en conjunto para poner a disposici\u00f3n de los estudiantes todo el<br>potencial de las dos instituciones.<\/p>\n","protected":false},"excerpt":{"rendered":"<p>La matr\u00edcula en los establecimientos t\u00e9cnico profesionales que dependen delServicio Local de Educaci\u00f3n P\u00fablica Magallanes es de 2763 alumnos, distribuidosen siete liceos. Se trata de un \u00e1mbito formativo que se&#8230; <a class=\"read-more\" href=\"https:\/\/www.radiopresidenteibanez.cl\/web\/alianza-entre-cft-estatal-y-slep-magallanes-fortalece-la-educacion-tecnica-en-la-region\/\">Leer m\u00e1s<\/a><\/p>\n","protected":false},"author":2,"featured_media":49002,"comment_status":"closed","ping_status":"closed","sticky":false,"template":"","format":"standard","meta":{"footnotes":""},"categories":[1],"tags":[],"class_list":["post-49001","post","type-post","status-publish","format-standard","has-post-thumbnail","hentry","category-cronica"],"_links":{"self":[{"href":"https:\/\/www.radiopresidenteibanez.cl\/web\/wp-json\/wp\/v2\/posts\/49001","targetHints":{"allow":["GET"]}}],"collection":[{"href":"https:\/\/www.radiopresidenteibanez.cl\/web\/wp-json\/wp\/v2\/posts"}],"about":[{"href":"https:\/\/www.radiopresidenteibanez.cl\/web\/wp-json\/wp\/v2\/types\/post"}],"author":[{"embeddable":true,"href":"https:\/\/www.radiopresidenteibanez.cl\/web\/wp-json\/wp\/v2\/users\/2"}],"replies":[{"embeddable":true,"href":"https:\/\/www.radiopresidenteibanez.cl\/web\/wp-json\/wp\/v2\/comments?post=49001"}],"version-history":[{"count":0,"href":"https:\/\/www.radiopresidenteibanez.cl\/web\/wp-json\/wp\/v2\/posts\/49001\/revisions"}],"wp:featuredmedia":[{"embeddable":true,"href":"https:\/\/www.radiopresidenteibanez.cl\/web\/wp-json\/wp\/v2\/media\/49002"}],"wp:attachment":[{"href":"https:\/\/www.radiopresidenteibanez.cl\/web\/wp-json\/wp\/v2\/media?parent=49001"}],"wp:term":[{"taxonomy":"category","embeddable":true,"href":"https:\/\/www.radiopresidenteibanez.cl\/web\/wp-json\/wp\/v2\/categories?post=49001"},{"taxonomy":"post_tag","embeddable":true,"href":"https:\/\/www.radiopresidenteibanez.cl\/web\/wp-json\/wp\/v2\/tags?post=49001"}],"curies":[{"name":"wp","href":"https:\/\/api.w.org\/{rel}","templated":true}]}}