{"id":4900,"date":"2019-06-09T17:06:47","date_gmt":"2019-06-09T17:06:47","guid":{"rendered":"http:\/\/www.radiopresidenteibanez.cl\/web\/?p=4900"},"modified":"2019-06-09T17:07:17","modified_gmt":"2019-06-09T17:07:17","slug":"seremi-saez-y-director-regional-de-la-sec-monitorean-trabajos-preventivos-para-resguardar-lineas-electricas","status":"publish","type":"post","link":"https:\/\/www.radiopresidenteibanez.cl\/web\/seremi-saez-y-director-regional-de-la-sec-monitorean-trabajos-preventivos-para-resguardar-lineas-electricas\/","title":{"rendered":"SEREMI S\u00c1EZ Y DIRECTOR REGIONAL DE LA SEC MONITOREAN TRABAJOS PREVENTIVOS PARA RESGUARDAR L\u00cdNEAS EL\u00c9CTRICAS"},"content":{"rendered":"\n<p>El Seremi de Energ\u00eda de Magallanes,&nbsp;<strong>Nolberto S\u00e1ez<\/strong>, junto al Director Regional de la Superintendencia de Electricidad y Combustibles (SEC),&nbsp;<strong>Juan Barticevic<\/strong>, realizaron esta semana una visita inspectiva a trabajos de poda de la empresa Edelmag, en la intersecci\u00f3n de las calles&nbsp;P\u00e9rez de Arce, entre Prat y Mateo Toro Zambrano&nbsp;de Punta Arenas; enmarcados en el Plan Invierno y que tienen por objetivo estar mejor preparados ante eventos meteorol\u00f3gicos.<\/p>\n\n\n\n<p>Antes de cada invierno, las distribuidoras el\u00e9ctricas del pa\u00eds activan planes de invierno que son fiscalizados por la SEC, y que incluyen poda y despeje de ramas de \u00e1rboles que pudieran estar cerca de sus redes e implementaci\u00f3n de tecnolog\u00eda que ayude a una pronta recuperaci\u00f3n de los servicios; adem\u00e1s de un aumento de cuadrillas de emergencia y de personal en los call center para captar los reclamos de clientes sin suministro, entre otras medidas.<\/p>\n\n\n\n<p>En ese contexto, el Seremi S\u00e1ez precis\u00f3 que \u201cpese a que los planes de prevenci\u00f3n no evitan los cortes, s\u00ed disminuyen los riesgos y la ocurrencia de&nbsp; \u00e9stos tiende a bajar, para as\u00ed mantener el buen promedio de interrupci\u00f3n de suministros que tiene Magallanes, por debajo del nacional\u201d.<\/p>\n\n\n\n<p>En este sentido, el Seremi S\u00e1ez, sostuvo que \u201clo que s\u00ed vamos a exigir es una respuesta lo m\u00e1s presta posible de parte de la compa\u00f1\u00eda, informar claramente a la ciudadan\u00eda y que \u00e9sta conozca sus derechos\u201d.<\/p>\n\n\n\n<p>Seg\u00fan datos nacionales, a\u00f1o pasado hubo un buen resultado a nivel nacional, con 12 horas promedio de interrupci\u00f3n, la m\u00e1s baja desde que hay registro. Sin embargo, ello esconde dispares realidades en el pa\u00eds, porque hay comunas que tienen m\u00e1s de 100 horas de corte de suministro; no es el caso de Magallanes, que tiene casi el doble menos, de 6,8 horas de interrupci\u00f3n promedio.<\/p>\n\n\n\n<p>\u201cPara mejorar la calidad del servicio existe una norma t\u00e9cnica que establece menores tiempos de interrupci\u00f3n, por ejemplo, de 9 horas a partir de 2020, y tambi\u00e9n nuevos indicadores y mejor atenci\u00f3n al p\u00fablico, entre otros\u201d, detall\u00f3 la autoridad regional de Energ\u00eda.<\/p>\n\n\n\n<p>Respecto de la fiscalizaci\u00f3n, el Superintendente de Electricidad y Combustibles, Luis \u00c1vila, explic\u00f3 que \u201clas empresas tienen el deber de entregar un suministro continuo y seguro, y cuando ello no ocurre, proceden los procesos administrativos y el pago de compensaciones\u201d.<\/p>\n\n\n\n<p>En tanto, el Director Regional del organismo fiscalizador, Juan Barticevic, complement\u00f3 que \u201clas personas pueden canalizar sus denuncias de riesgos el\u00e9ctricos en la v\u00eda p\u00fablica a trav\u00e9s de su smartphone en la p\u00e1gina web<a href=\"http:\/\/www.sec.cl\/\" target=\"_blank\" rel=\"noreferrer noopener\">www.sec.cl<\/a>\u201d. &nbsp;&nbsp;<\/p>\n\n\n\n<p>Por su parte, Juan Pereira, Gerente de Servicio al Cliente y Estudios de Edelmag, explic\u00f3 que esta actividad se enmarca dentro del plan de invierno que como empresa se dio a conocer hace unas semanas \u201cy busca tomar medidas para evitar contingencias mayores a consecuencia de las eventualidades clim\u00e1ticas o de otro tipo que se puedan dar en esta \u00e9poca invernal\u201d.<\/p>\n\n\n\n<p>El plan preventivo de la distribuidora consiste b\u00e1sicamente en inspecci\u00f3n de redes el\u00e9ctricas, poda de \u00e1rboles y detecci\u00f3n de posibles fallas en puntos calientes de la zona de redes mediante c\u00e1maras termogr\u00e1ficas, junto con la mantenci\u00f3n de las mismas.&nbsp;&nbsp;<\/p>\n\n\n\n<p>Por su parte, Juan Pereira, Gerente de Servicio al Cliente y Estudios de Edelmag, explic\u00f3 que esta actividad se enmarca dentro del plan de invierno que como empresa se dio a conocer hace unas semanas \u201cy busca tomar medidas para evitar contingencias mayores a consecuencia de las eventualidades clim\u00e1ticas o de otro tipo que se puedan dar en esta \u00e9poca invernal\u201d.<\/p>\n\n\n\n<p>El plan preventivo de la distribuidora consiste b\u00e1sicamente en inspecci\u00f3n de redes el\u00e9ctricas, poda de \u00e1rboles y detecci\u00f3n de posibles fallas en puntos calientes de la zona de redes mediante c\u00e1maras termogr\u00e1ficas, junto con la mantenci\u00f3n de las mismas. \u00a0<\/p>\n\n\n\n<figure class=\"wp-block-image\"><img loading=\"lazy\" decoding=\"async\" width=\"900\" height=\"600\" src=\"https:\/\/www.radiopresidenteibanez.cl\/web\/wp-content\/uploads\/2019\/06\/FISCALIZACI\u00d3N-SEC-ENERG\u00cdA-5.jpg\" alt=\"\" class=\"wp-image-4901\" srcset=\"https:\/\/www.radiopresidenteibanez.cl\/web\/wp-content\/uploads\/2019\/06\/FISCALIZACI\u00d3N-SEC-ENERG\u00cdA-5.jpg 900w, https:\/\/www.radiopresidenteibanez.cl\/web\/wp-content\/uploads\/2019\/06\/FISCALIZACI\u00d3N-SEC-ENERG\u00cdA-5-300x200.jpg 300w, https:\/\/www.radiopresidenteibanez.cl\/web\/wp-content\/uploads\/2019\/06\/FISCALIZACI\u00d3N-SEC-ENERG\u00cdA-5-768x512.jpg 768w\" sizes=\"auto, (max-width: 900px) 100vw, 900px\" \/><\/figure>\n","protected":false},"excerpt":{"rendered":"<p>El Seremi de Energ\u00eda de Magallanes,&nbsp;Nolberto S\u00e1ez, junto al Director Regional de la Superintendencia de Electricidad y Combustibles (SEC),&nbsp;Juan Barticevic, realizaron esta semana una visita inspectiva a trabajos de poda&#8230; <a class=\"read-more\" href=\"https:\/\/www.radiopresidenteibanez.cl\/web\/seremi-saez-y-director-regional-de-la-sec-monitorean-trabajos-preventivos-para-resguardar-lineas-electricas\/\">Leer m\u00e1s<\/a><\/p>\n","protected":false},"author":2,"featured_media":4901,"comment_status":"closed","ping_status":"closed","sticky":false,"template":"","format":"standard","meta":{"footnotes":""},"categories":[1],"tags":[],"class_list":["post-4900","post","type-post","status-publish","format-standard","has-post-thumbnail","hentry","category-cronica"],"_links":{"self":[{"href":"https:\/\/www.radiopresidenteibanez.cl\/web\/wp-json\/wp\/v2\/posts\/4900","targetHints":{"allow":["GET"]}}],"collection":[{"href":"https:\/\/www.radiopresidenteibanez.cl\/web\/wp-json\/wp\/v2\/posts"}],"about":[{"href":"https:\/\/www.radiopresidenteibanez.cl\/web\/wp-json\/wp\/v2\/types\/post"}],"author":[{"embeddable":true,"href":"https:\/\/www.radiopresidenteibanez.cl\/web\/wp-json\/wp\/v2\/users\/2"}],"replies":[{"embeddable":true,"href":"https:\/\/www.radiopresidenteibanez.cl\/web\/wp-json\/wp\/v2\/comments?post=4900"}],"version-history":[{"count":0,"href":"https:\/\/www.radiopresidenteibanez.cl\/web\/wp-json\/wp\/v2\/posts\/4900\/revisions"}],"wp:featuredmedia":[{"embeddable":true,"href":"https:\/\/www.radiopresidenteibanez.cl\/web\/wp-json\/wp\/v2\/media\/4901"}],"wp:attachment":[{"href":"https:\/\/www.radiopresidenteibanez.cl\/web\/wp-json\/wp\/v2\/media?parent=4900"}],"wp:term":[{"taxonomy":"category","embeddable":true,"href":"https:\/\/www.radiopresidenteibanez.cl\/web\/wp-json\/wp\/v2\/categories?post=4900"},{"taxonomy":"post_tag","embeddable":true,"href":"https:\/\/www.radiopresidenteibanez.cl\/web\/wp-json\/wp\/v2\/tags?post=4900"}],"curies":[{"name":"wp","href":"https:\/\/api.w.org\/{rel}","templated":true}]}}