{"id":48980,"date":"2024-06-06T12:49:00","date_gmt":"2024-06-06T15:49:00","guid":{"rendered":"https:\/\/www.radiopresidenteibanez.cl\/web\/?p=48980"},"modified":"2024-06-06T11:49:12","modified_gmt":"2024-06-06T14:49:12","slug":"fiscalizacion-de-transportes-capacita-inspectores-municipales-de-porvenir-y-natales","status":"publish","type":"post","link":"https:\/\/www.radiopresidenteibanez.cl\/web\/fiscalizacion-de-transportes-capacita-inspectores-municipales-de-porvenir-y-natales\/","title":{"rendered":"FISCALIZACION DE TRANSPORTES CAPACITA INSPECTORES MUNICIPALES DE PORVENIR Y NATALES"},"content":{"rendered":"\n<p>\u201cSon comunas que est\u00e1n creciendo y se van enfrentando a las complejidades de un parque<br>automotriz m\u00e1s desarrollado. Es necesario ir nutriendo de conocimiento a nuestras instituciones y procurando que la calidad de vida y la seguridad no se pierda\u201d, se\u00f1al\u00f3 el seremi de Transportes y Telecomunicaciones Rodrigo Hern\u00e1ndez Navarro.<br>Adem\u00e1s, el seremitt manifest\u00f3 su preocupaci\u00f3n por la creciente tendencia a castigar p\u00fablicamente a los inspectores fiscales en el marco del cumplimiento de su labor. \u201cA pesar de que la fiscalizaci\u00f3n frente a una falta a la normativa no es grata para el fiscalizado ni para el inspector, es una acci\u00f3n que se debe desarrollar con mutuo respeto\u201d.<br>Agreg\u00f3 que fiscalizar el espacio p\u00fablico aplicando la norma, que es igual para todas y todos, es un ladrillo fundamental para una mejorar calidad de vida en com\u00fan. \u201cPor ello, no se le puede exigir a un inspector que \u2018aplique criterios personales\u2019 al momento de cumplir con su misi\u00f3n\u201d.<br>La capacitaci\u00f3n, cont\u00f3 con una jornada te\u00f3rica donde se repasaron la reciente actualizaci\u00f3n y los<br>principales aspectos de la Ley de Tr\u00e1nsito y las atribuciones que otorga a Carabineros, inspectores de Fiscalizaci\u00f3n del MTT e inspectores municipales.<br>Adem\u00e1s, realizaron una jornada pr\u00e1ctica en la v\u00eda p\u00fablica, para conocer la forma en que se deben realizar los controles vehiculares seg\u00fan establece la norma. En el ejercicio, se efectuaron 107 controles vehiculares, curs\u00e1ndose 14 Partes y realizando 5 retiros de veh\u00edculos por distintos<br>incumplimientos de la Ley.<br>Cristian Barrientos, jefe de Patentes e Inspecciones de la municipalidad de Porvenir, expres\u00f3 su<br>agradecimiento al coordinador regional de Fiscalizaci\u00f3n de la seremitt Eduardo Adriasola, por la<br>capacitaci\u00f3n realizada a los inspectores del municipio isle\u00f1o, \u201cya que pudimos reforzar diferentes<br>aspectos de la fiscalizaci\u00f3n cotidiana que deben hacer en toda la regi\u00f3n, y tambi\u00e9n el apoyo<br>otorgado por la SIAT en la jornada que realizamos junto a su personal\u201d.<br>\u201cHan sido dos d\u00edas muy satisfactorios en esta capacitaci\u00f3n de aspectos t\u00e9cnicos relacionados con la Ley de Tr\u00e1nsito y que nos ayudar\u00e1 a fortalecer los procedimientos respecto a dicha normativa en nuestra comuna\u201d, dijo por su parte el inspector municipal de Natales Hern\u00e1n Hern\u00e1ndez.<\/p>\n","protected":false},"excerpt":{"rendered":"<p>\u201cSon comunas que est\u00e1n creciendo y se van enfrentando a las complejidades de un parqueautomotriz m\u00e1s desarrollado. Es necesario ir nutriendo de conocimiento a nuestras instituciones y procurando que la&#8230; <a class=\"read-more\" href=\"https:\/\/www.radiopresidenteibanez.cl\/web\/fiscalizacion-de-transportes-capacita-inspectores-municipales-de-porvenir-y-natales\/\">Leer m\u00e1s<\/a><\/p>\n","protected":false},"author":2,"featured_media":48981,"comment_status":"closed","ping_status":"closed","sticky":false,"template":"","format":"standard","meta":{"footnotes":""},"categories":[1],"tags":[],"class_list":["post-48980","post","type-post","status-publish","format-standard","has-post-thumbnail","hentry","category-cronica"],"_links":{"self":[{"href":"https:\/\/www.radiopresidenteibanez.cl\/web\/wp-json\/wp\/v2\/posts\/48980","targetHints":{"allow":["GET"]}}],"collection":[{"href":"https:\/\/www.radiopresidenteibanez.cl\/web\/wp-json\/wp\/v2\/posts"}],"about":[{"href":"https:\/\/www.radiopresidenteibanez.cl\/web\/wp-json\/wp\/v2\/types\/post"}],"author":[{"embeddable":true,"href":"https:\/\/www.radiopresidenteibanez.cl\/web\/wp-json\/wp\/v2\/users\/2"}],"replies":[{"embeddable":true,"href":"https:\/\/www.radiopresidenteibanez.cl\/web\/wp-json\/wp\/v2\/comments?post=48980"}],"version-history":[{"count":0,"href":"https:\/\/www.radiopresidenteibanez.cl\/web\/wp-json\/wp\/v2\/posts\/48980\/revisions"}],"wp:featuredmedia":[{"embeddable":true,"href":"https:\/\/www.radiopresidenteibanez.cl\/web\/wp-json\/wp\/v2\/media\/48981"}],"wp:attachment":[{"href":"https:\/\/www.radiopresidenteibanez.cl\/web\/wp-json\/wp\/v2\/media?parent=48980"}],"wp:term":[{"taxonomy":"category","embeddable":true,"href":"https:\/\/www.radiopresidenteibanez.cl\/web\/wp-json\/wp\/v2\/categories?post=48980"},{"taxonomy":"post_tag","embeddable":true,"href":"https:\/\/www.radiopresidenteibanez.cl\/web\/wp-json\/wp\/v2\/tags?post=48980"}],"curies":[{"name":"wp","href":"https:\/\/api.w.org\/{rel}","templated":true}]}}