{"id":48977,"date":"2024-06-06T11:27:00","date_gmt":"2024-06-06T14:27:00","guid":{"rendered":"https:\/\/www.radiopresidenteibanez.cl\/web\/?p=48977"},"modified":"2024-06-06T09:23:30","modified_gmt":"2024-06-06T12:23:30","slug":"come-magalenha-roja-lleva-la-contrasena-a-la-estufa-tener-tener-corazon-hoy-es-un-dia-soleado-canta-sergio-mende","status":"publish","type":"post","link":"https:\/\/www.radiopresidenteibanez.cl\/web\/come-magalenha-roja-lleva-la-contrasena-a-la-estufa-tener-tener-corazon-hoy-es-un-dia-soleado-canta-sergio-mende\/","title":{"rendered":"Come magalenha roja lleva la contrase\u00f1a a la estufa tener tener coraz\u00f3n hoy es un d\u00eda soleado..\u00bb canta Sergio Mende"},"content":{"rendered":"\n<p>Cada d\u00eda para nosotros es una sorpresa, pues siempre tomamos conocimiento de hechos que se supone no deber\u00edan producirse. No solo porque las autoridades respectivas se esmeran por dejar establecido que hay control y fiscalizaci\u00f3n suficiente, sino tambi\u00e9n porque muestras de explotaci\u00f3n y abuso tan descaradas, debieran estar superadas.<br>Nada m\u00e1s lejos que aquello, el abuso y la explotaci\u00f3n son propios de la estructura patronal y cada vez que puedan dar\u00e1n mazazos, sin importar si son uno, diez, cien o m\u00e1s los que reciban el golpe.<br>Contra esto debemos actuar firmes y con conocimientos, para orientar como corresponde.<br>Atendimos a un trabajadore extranjero que pese a estar radicado y contar con cedula de identidad, ha constatado la discriminaci\u00f3n al momento de postular a un empleo, pero requiere trabajar para comer y mantener a la familia.<br>Llevaba 5 a\u00f1os de trabajo y lo despidieron telef\u00f3nicamente sin darle raz\u00f3n alguna.<br>No quiso ir directamente al que eras su lugar de trabajo y nos visit\u00f3 en nuestra sede para saber que hacer.<\/p>\n\n\n\n<p>2.- Firm\u00f3 un contrato de trabajo pero no le han dado las vacaciones desde que comenz\u00f3 a trabajar, salvo algunos d\u00edas por a\u00f1o. Por la orientaci\u00f3n recibida por nuestro programa radial fue a la AFP y constat\u00f3 que solo le pagaron el primer a\u00f1o y nunca le pagaron el seguro de cesant\u00eda.<br>Jamas firm\u00f3 una liquidaci\u00f3n de sueldos y no sab\u00eda que por enfermedades graves pudo pedir licencia m\u00e9dica para no perder la remuneraci\u00f3n de esos d\u00edas no trabajados.<br>El puede ganar en un juicio si reclama pero no ir\u00e1 a la Inspecci\u00f3n del Trabajo, pues lo han amenazado con negarle recomendaciones y dar malas referencias.<br>Son miles los que viven un drama similar, sean nacionales o extranjeros. Y el movimiento sindical sigue sin darle prioridad a la educaci\u00f3n sobre los derechos del trabajador. \u00bfHasta cu\u00e1ndo?<\/p>\n","protected":false},"excerpt":{"rendered":"<p>Cada d\u00eda para nosotros es una sorpresa, pues siempre tomamos conocimiento de hechos que se supone no deber\u00edan producirse. No solo porque las autoridades respectivas se esmeran por dejar establecido&#8230; <a class=\"read-more\" href=\"https:\/\/www.radiopresidenteibanez.cl\/web\/come-magalenha-roja-lleva-la-contrasena-a-la-estufa-tener-tener-corazon-hoy-es-un-dia-soleado-canta-sergio-mende\/\">Leer m\u00e1s<\/a><\/p>\n","protected":false},"author":2,"featured_media":48978,"comment_status":"closed","ping_status":"closed","sticky":false,"template":"","format":"standard","meta":{"footnotes":""},"categories":[1],"tags":[],"class_list":["post-48977","post","type-post","status-publish","format-standard","has-post-thumbnail","hentry","category-cronica"],"_links":{"self":[{"href":"https:\/\/www.radiopresidenteibanez.cl\/web\/wp-json\/wp\/v2\/posts\/48977","targetHints":{"allow":["GET"]}}],"collection":[{"href":"https:\/\/www.radiopresidenteibanez.cl\/web\/wp-json\/wp\/v2\/posts"}],"about":[{"href":"https:\/\/www.radiopresidenteibanez.cl\/web\/wp-json\/wp\/v2\/types\/post"}],"author":[{"embeddable":true,"href":"https:\/\/www.radiopresidenteibanez.cl\/web\/wp-json\/wp\/v2\/users\/2"}],"replies":[{"embeddable":true,"href":"https:\/\/www.radiopresidenteibanez.cl\/web\/wp-json\/wp\/v2\/comments?post=48977"}],"version-history":[{"count":0,"href":"https:\/\/www.radiopresidenteibanez.cl\/web\/wp-json\/wp\/v2\/posts\/48977\/revisions"}],"wp:featuredmedia":[{"embeddable":true,"href":"https:\/\/www.radiopresidenteibanez.cl\/web\/wp-json\/wp\/v2\/media\/48978"}],"wp:attachment":[{"href":"https:\/\/www.radiopresidenteibanez.cl\/web\/wp-json\/wp\/v2\/media?parent=48977"}],"wp:term":[{"taxonomy":"category","embeddable":true,"href":"https:\/\/www.radiopresidenteibanez.cl\/web\/wp-json\/wp\/v2\/categories?post=48977"},{"taxonomy":"post_tag","embeddable":true,"href":"https:\/\/www.radiopresidenteibanez.cl\/web\/wp-json\/wp\/v2\/tags?post=48977"}],"curies":[{"name":"wp","href":"https:\/\/api.w.org\/{rel}","templated":true}]}}