{"id":48971,"date":"2024-06-06T09:26:00","date_gmt":"2024-06-06T12:26:00","guid":{"rendered":"https:\/\/www.radiopresidenteibanez.cl\/web\/?p=48971"},"modified":"2024-06-06T08:26:15","modified_gmt":"2024-06-06T11:26:15","slug":"seremi-de-justicia-destaca-avance-en-proyectode-ley-que-combate-al-crimen-organizado","status":"publish","type":"post","link":"https:\/\/www.radiopresidenteibanez.cl\/web\/seremi-de-justicia-destaca-avance-en-proyectode-ley-que-combate-al-crimen-organizado\/","title":{"rendered":"SEREMI DE JUSTICIA DESTACA AVANCE EN PROYECTODE LEY QUE COMBATE AL CRIMEN ORGANIZADO"},"content":{"rendered":"\n<p>A un paso de convertirse en ley, qued\u00f3 hoy una relevante iniciativa legal vinculada con seguridad y orden p\u00fablico, la cual Introduce modificaciones sustanciales al C\u00f3digo Penal y al C\u00f3digo Procesal Penal para una persecuci\u00f3n penal m\u00e1s eficiente.<br>La Seremi de Justicia y DD.HH., Michelle Peutat, destac\u00f3 la un\u00e1nime aprobaci\u00f3n de dicho proyecto de ley, por parte de la C\u00e1mara de Diputadas y Diputados, al tratarse de \u201cuna norma indispensable para poder avanzar en nuestra agenda de seguridad\u201d. Esto, ya que apunta a aumentar las penas de aquellas personas que reinciden en la comisi\u00f3n de delitos, junto con mejorar y agilizar la investigaci\u00f3n y persecuci\u00f3n del crimen organizado.<br>De acuerdo a lo referido por el Ministro de Justicia, Luis Cordero, coincidi\u00f3 que se trata de \u201cla<br>reforma al C\u00f3digo Procesal Penal m\u00e1s importante desde que se implement\u00f3 en el a\u00f1o 2000, al<br>introducir modificaciones fundamentales, de manera de adecuar las reglas a las necesidades<br>actuales del pa\u00eds para una mayor eficacia de la persecuci\u00f3n penal\u201d.<br>Entre las modificaciones relevantes del proyecto, incluye para una persecuci\u00f3n penal m\u00e1s<br>eficiente, la ampliaci\u00f3n de las t\u00e9cnicas especiales de investigaci\u00f3n como la interceptaci\u00f3n y<br>grabaci\u00f3n de comunicaciones para combatir el crimen organizado. En otro aspecto sustantivo,<br>\u201cintroduce en el C\u00f3digo Penal una regla general que agrava significativamente las penas a las<br>personas que reinciden en la comisi\u00f3n de delitos, excluyendo el m\u00ednimo aplicable o aumentando la pena en un grado, seg\u00fan sea la primera o segunda reincidencia\u201d.<br>Entre otras mejoras, incluye cambios en la Ley 20.000, a\u00f1adiendo a Gendarmer\u00eda de Chile y a la<br>Direcci\u00f3n General de Asuntos Mar\u00edtimos como destinatarios de recursos decomisados. Asimismo, regula la toma de muestras biol\u00f3gicas para huellas gen\u00e9ticas de imputados en situaci\u00f3n irregular, previa autorizaci\u00f3n del tribunal a solicitud del Ministerio P\u00fablico.<br>Adem\u00e1s de medidas de protecci\u00f3n para brindar una mayor seguridad a todos los actores del<br>sistema penal que intervengan en las causas sobre criminalidad organizada, tambi\u00e9n incorpora un estatuto que regula la cooperaci\u00f3n eficaz, incentivando a imputados y condenados a proporcionar informaci\u00f3n \u00fatil para desarticular asociaciones delictivas y criminales.<\/p>\n","protected":false},"excerpt":{"rendered":"<p>A un paso de convertirse en ley, qued\u00f3 hoy una relevante iniciativa legal vinculada con seguridad y orden p\u00fablico, la cual Introduce modificaciones sustanciales al C\u00f3digo Penal y al C\u00f3digo&#8230; <a class=\"read-more\" href=\"https:\/\/www.radiopresidenteibanez.cl\/web\/seremi-de-justicia-destaca-avance-en-proyectode-ley-que-combate-al-crimen-organizado\/\">Leer m\u00e1s<\/a><\/p>\n","protected":false},"author":2,"featured_media":48972,"comment_status":"closed","ping_status":"closed","sticky":false,"template":"","format":"standard","meta":{"footnotes":""},"categories":[1],"tags":[],"class_list":["post-48971","post","type-post","status-publish","format-standard","has-post-thumbnail","hentry","category-cronica"],"_links":{"self":[{"href":"https:\/\/www.radiopresidenteibanez.cl\/web\/wp-json\/wp\/v2\/posts\/48971","targetHints":{"allow":["GET"]}}],"collection":[{"href":"https:\/\/www.radiopresidenteibanez.cl\/web\/wp-json\/wp\/v2\/posts"}],"about":[{"href":"https:\/\/www.radiopresidenteibanez.cl\/web\/wp-json\/wp\/v2\/types\/post"}],"author":[{"embeddable":true,"href":"https:\/\/www.radiopresidenteibanez.cl\/web\/wp-json\/wp\/v2\/users\/2"}],"replies":[{"embeddable":true,"href":"https:\/\/www.radiopresidenteibanez.cl\/web\/wp-json\/wp\/v2\/comments?post=48971"}],"version-history":[{"count":0,"href":"https:\/\/www.radiopresidenteibanez.cl\/web\/wp-json\/wp\/v2\/posts\/48971\/revisions"}],"wp:featuredmedia":[{"embeddable":true,"href":"https:\/\/www.radiopresidenteibanez.cl\/web\/wp-json\/wp\/v2\/media\/48972"}],"wp:attachment":[{"href":"https:\/\/www.radiopresidenteibanez.cl\/web\/wp-json\/wp\/v2\/media?parent=48971"}],"wp:term":[{"taxonomy":"category","embeddable":true,"href":"https:\/\/www.radiopresidenteibanez.cl\/web\/wp-json\/wp\/v2\/categories?post=48971"},{"taxonomy":"post_tag","embeddable":true,"href":"https:\/\/www.radiopresidenteibanez.cl\/web\/wp-json\/wp\/v2\/tags?post=48971"}],"curies":[{"name":"wp","href":"https:\/\/api.w.org\/{rel}","templated":true}]}}