{"id":48937,"date":"2024-06-05T08:08:10","date_gmt":"2024-06-05T11:08:10","guid":{"rendered":"https:\/\/www.radiopresidenteibanez.cl\/web\/?p=48937"},"modified":"2024-06-05T08:08:18","modified_gmt":"2024-06-05T11:08:18","slug":"beneficiarias-de-proyectos-habitacionales-recibieron-formacion-en-corresponsabilidad-y-cuidados","status":"publish","type":"post","link":"https:\/\/www.radiopresidenteibanez.cl\/web\/beneficiarias-de-proyectos-habitacionales-recibieron-formacion-en-corresponsabilidad-y-cuidados\/","title":{"rendered":"BENEFICIARIAS DE PROYECTOS HABITACIONALES RECIBIERON FORMACION EN CORRESPONSABILIDAD Y CUIDADOS"},"content":{"rendered":"\n<p>18 mujeres, beneficiarias de proyectos habitacionales en construcci\u00f3n en Punta Arenas, participaron de un programa formativo en Corresponsabilidad y Cuidados, que busc\u00f3 entregar herramientas para la equidad de g\u00e9nero.<\/p>\n\n\n\n<p>Este ciclo formativo fue organizado por Serviu, en el marco de su Programa de Mejoramiento de la Gesti\u00f3n (PMG) de G\u00e9nero, con el apoyo de la Seremi de la Mujer y Equidad de G\u00e9nero y la entidad patrocinante Salfa Austral y luego de cuatro sesiones, finaliz\u00f3 con la entrega de reconocimiento para las participantes, actividad en la que particip\u00f3 el seremi de Vivienda y Urbanismo Marco Uribe Saldivia, la seremi de la Mujer y Equidad de G\u00e9nero Alejandra Ruiz y el director (s) de Serviu Omar Gonz\u00e1lez.<\/p>\n\n\n\n<p>En la oportunidad, la seremi de la Mujer dijo que \u201ccomo Ministerio de la Mujer estamos trabajando para ir cerrando las brechas de desigualdad en todos los \u00e1mbitos. Es as\u00ed que mantenemos compromisos de gesti\u00f3n con el Serviu que nos ha permitido abordar tem\u00e1ticas de inter\u00e9s para usuarias del Servicio como la Ley Efectiva de Pagos de Alimentos, y Ley de Violencia Integral, por lo que valoramos estas instancias propicias para la difusi\u00f3n y derivaci\u00f3n de casos de ser necesario, para que todas las mujeres tengan acceso a la pol\u00edtica p\u00fablica.<\/p>\n\n\n\n<p>Mientras, el seremi Marco Uribe destac\u00f3 que \u201cla mayor\u00eda de las personas que reciben subsidios habitacionales son mujeres, por cuanto, queremos contribuir a su desarrollo personal y a que conozcan los servicios que el Estado dispone para avanzar en equidad de g\u00e9nero\u201d.<\/p>\n\n\n\n<p>A su vez, el director de Serviu explic\u00f3 que \u201ctodos los proyectos habitacionales, en paralelo con la construcci\u00f3n de las viviendas, tiene un Plan de Acompa\u00f1amiento Social que buscar, entre otros, preparar a las familias para su nueva vida comunitaria y colectiva. En este sentido y contribuyendo a aquello, este a\u00f1o hemos tenido un plan piloto de este programa para mujeres, y esperamos continuar el pr\u00f3ximo, desarrollando estos talleres con otros grupos, tanto en Punta Arenas, como en Natales.<\/p>\n\n\n\n<p>Los talleres fueron dictados por el Sernameg, Prodemu y Sence, que trataron temas como roles de g\u00e9nero, divisi\u00f3n sexual del trabajo, empoderamiento, corresponsabilidad y oferta program\u00e1tica de capacitaci\u00f3n laboral para mujeres.<\/p>\n","protected":false},"excerpt":{"rendered":"<p>18 mujeres, beneficiarias de proyectos habitacionales en construcci\u00f3n en Punta Arenas, participaron de un programa formativo en Corresponsabilidad y Cuidados, que busc\u00f3 entregar herramientas para la equidad de g\u00e9nero. Este&#8230; <a class=\"read-more\" href=\"https:\/\/www.radiopresidenteibanez.cl\/web\/beneficiarias-de-proyectos-habitacionales-recibieron-formacion-en-corresponsabilidad-y-cuidados\/\">Leer m\u00e1s<\/a><\/p>\n","protected":false},"author":2,"featured_media":48938,"comment_status":"closed","ping_status":"closed","sticky":false,"template":"","format":"standard","meta":{"footnotes":""},"categories":[1],"tags":[],"class_list":["post-48937","post","type-post","status-publish","format-standard","has-post-thumbnail","hentry","category-cronica"],"_links":{"self":[{"href":"https:\/\/www.radiopresidenteibanez.cl\/web\/wp-json\/wp\/v2\/posts\/48937","targetHints":{"allow":["GET"]}}],"collection":[{"href":"https:\/\/www.radiopresidenteibanez.cl\/web\/wp-json\/wp\/v2\/posts"}],"about":[{"href":"https:\/\/www.radiopresidenteibanez.cl\/web\/wp-json\/wp\/v2\/types\/post"}],"author":[{"embeddable":true,"href":"https:\/\/www.radiopresidenteibanez.cl\/web\/wp-json\/wp\/v2\/users\/2"}],"replies":[{"embeddable":true,"href":"https:\/\/www.radiopresidenteibanez.cl\/web\/wp-json\/wp\/v2\/comments?post=48937"}],"version-history":[{"count":0,"href":"https:\/\/www.radiopresidenteibanez.cl\/web\/wp-json\/wp\/v2\/posts\/48937\/revisions"}],"wp:featuredmedia":[{"embeddable":true,"href":"https:\/\/www.radiopresidenteibanez.cl\/web\/wp-json\/wp\/v2\/media\/48938"}],"wp:attachment":[{"href":"https:\/\/www.radiopresidenteibanez.cl\/web\/wp-json\/wp\/v2\/media?parent=48937"}],"wp:term":[{"taxonomy":"category","embeddable":true,"href":"https:\/\/www.radiopresidenteibanez.cl\/web\/wp-json\/wp\/v2\/categories?post=48937"},{"taxonomy":"post_tag","embeddable":true,"href":"https:\/\/www.radiopresidenteibanez.cl\/web\/wp-json\/wp\/v2\/tags?post=48937"}],"curies":[{"name":"wp","href":"https:\/\/api.w.org\/{rel}","templated":true}]}}