{"id":48931,"date":"2024-06-04T17:55:00","date_gmt":"2024-06-04T20:55:00","guid":{"rendered":"https:\/\/www.radiopresidenteibanez.cl\/web\/?p=48931"},"modified":"2024-06-04T15:19:11","modified_gmt":"2024-06-04T18:19:11","slug":"municipalidad-de-rio-verde-realiza-exitoso-operativo-de-recoleccion-de-residuos","status":"publish","type":"post","link":"https:\/\/www.radiopresidenteibanez.cl\/web\/municipalidad-de-rio-verde-realiza-exitoso-operativo-de-recoleccion-de-residuos\/","title":{"rendered":"MUNICIPALIDAD DE RIO VERDE REALIZA EXITOSO OPERATIVO DE RECOLECCION DE RESIDUOS"},"content":{"rendered":"\n<p>Con \u00e9xito la Ilustre Municipalidad de<br>R\u00edo Verde desarroll\u00f3 el operativo de recolecci\u00f3n de residuos, instancia en que vecinos de<br>Isla Riesco y Continente pudieron desechar sus bater\u00edas y aceites lubricantes en desuso en<br>un veh\u00edculo certificado que se dispuso especialmente para estos efectos.<br>Hay que destacar que, para los vecinos de Isla Riesco se destin\u00f3 un veh\u00edculo municipal<br>especialmente habilitado, en la entrada del territorio insular, con el fin de que dejen sus<br>desechos, sin necesidad de cruzar en el ferry.<br>El operativo se realiz\u00f3 el pasado jueves 30 de mayo entre las 09:00 y 17:00 horas, y estuvo<br>a cargo de la Unidad de Medio Ambiente del municipio, recolect\u00e1ndose un total de 95<br>bater\u00edas (2.193 kg) y 15 litros de aceites lubricantes en desuso.<br>La empresa Servimer fue la encargada de recibir estos residuos y trasladarlos a un lugar<br>autorizado para su disposici\u00f3n final.<br>Al respecto, la alcaldesa de la comuna de R\u00edo Verde, Sabina Ballesteros Vargas, coment\u00f3<br>\u201cestamos contentos de haber culminado exitosamente este operativo de recolecci\u00f3n de<br>residuos en la comuna, recibiendo una gran cantidad de bater\u00edas y aceites lubricantes en<br>desuso por parte de nuestros vecinos y vecinas, quienes agradecieron esta instancia<br>porque les permiti\u00f3 entregar residuos que no son f\u00e1ciles de desechar. Con esta iniciativa<br>damos respuesta a una necesidad de la comunidad y a su vez, seguimos trabajando por<br>una comuna m\u00e1s limpia y amigable con el medio ambiente\u201d.<br>Asimismo, la autoridad edilicia de R\u00edo Verde agradeci\u00f3 al Gobierno Regional de<br>Magallanes y de la Ant\u00e1rtica Chilena, junto a sus Consejeros Regionales por apoyar esta<br>iniciativa con financiamiento del Fondo Nacional de Desarrollo Regional (FNDR) 8%, a\u00f1o<br>2023.<\/p>\n","protected":false},"excerpt":{"rendered":"<p>Con \u00e9xito la Ilustre Municipalidad deR\u00edo Verde desarroll\u00f3 el operativo de recolecci\u00f3n de residuos, instancia en que vecinos deIsla Riesco y Continente pudieron desechar sus bater\u00edas y aceites lubricantes en&#8230; <a class=\"read-more\" href=\"https:\/\/www.radiopresidenteibanez.cl\/web\/municipalidad-de-rio-verde-realiza-exitoso-operativo-de-recoleccion-de-residuos\/\">Leer m\u00e1s<\/a><\/p>\n","protected":false},"author":2,"featured_media":48932,"comment_status":"closed","ping_status":"closed","sticky":false,"template":"","format":"standard","meta":{"footnotes":""},"categories":[1],"tags":[],"class_list":["post-48931","post","type-post","status-publish","format-standard","has-post-thumbnail","hentry","category-cronica"],"_links":{"self":[{"href":"https:\/\/www.radiopresidenteibanez.cl\/web\/wp-json\/wp\/v2\/posts\/48931","targetHints":{"allow":["GET"]}}],"collection":[{"href":"https:\/\/www.radiopresidenteibanez.cl\/web\/wp-json\/wp\/v2\/posts"}],"about":[{"href":"https:\/\/www.radiopresidenteibanez.cl\/web\/wp-json\/wp\/v2\/types\/post"}],"author":[{"embeddable":true,"href":"https:\/\/www.radiopresidenteibanez.cl\/web\/wp-json\/wp\/v2\/users\/2"}],"replies":[{"embeddable":true,"href":"https:\/\/www.radiopresidenteibanez.cl\/web\/wp-json\/wp\/v2\/comments?post=48931"}],"version-history":[{"count":0,"href":"https:\/\/www.radiopresidenteibanez.cl\/web\/wp-json\/wp\/v2\/posts\/48931\/revisions"}],"wp:featuredmedia":[{"embeddable":true,"href":"https:\/\/www.radiopresidenteibanez.cl\/web\/wp-json\/wp\/v2\/media\/48932"}],"wp:attachment":[{"href":"https:\/\/www.radiopresidenteibanez.cl\/web\/wp-json\/wp\/v2\/media?parent=48931"}],"wp:term":[{"taxonomy":"category","embeddable":true,"href":"https:\/\/www.radiopresidenteibanez.cl\/web\/wp-json\/wp\/v2\/categories?post=48931"},{"taxonomy":"post_tag","embeddable":true,"href":"https:\/\/www.radiopresidenteibanez.cl\/web\/wp-json\/wp\/v2\/tags?post=48931"}],"curies":[{"name":"wp","href":"https:\/\/api.w.org\/{rel}","templated":true}]}}