{"id":48918,"date":"2024-06-04T12:59:00","date_gmt":"2024-06-04T15:59:00","guid":{"rendered":"https:\/\/www.radiopresidenteibanez.cl\/web\/?p=48918"},"modified":"2024-06-04T11:02:12","modified_gmt":"2024-06-04T14:02:12","slug":"dos-comunas-contaran-con-la-construccion-de-esperadas-soluciones-habitacionales","status":"publish","type":"post","link":"https:\/\/www.radiopresidenteibanez.cl\/web\/dos-comunas-contaran-con-la-construccion-de-esperadas-soluciones-habitacionales\/","title":{"rendered":"DOS COMUNAS CONTARAN CON LA CONSTRUCCION DE ESPERADAS SOLUCIONES HABITACIONALES"},"content":{"rendered":"\n<p>El pasado jueves, en el marco del aniversario de la comuna de Puerto Natales, el Consejo Regional aprob\u00f3 importantes iniciativas, entre las cuales se destaca el voto favorable para el<br>cofinanciamiento de los proyectos habitacionales \u2018\u2018Loteo Esperanza\u2019\u2019 correspondiente a la comuna de Torres del Paine con 10 soluciones habitacionales, a s\u00ed mismo se aprobaron para el \u2018\u2018Loteo Altos de Cabo de Hornos\u2019\u2019 en la comuna Cabo de Hornos con 45 soluciones habitacionales.<br>En cuanto a la sanci\u00f3n, el Consejero Rodolfo Moncada, representante por la provincia Ant\u00e1rtica<br>Chilena, destac\u00f3: \u2018\u2018Este es un hecho realmente hist\u00f3rico, porque son 45 familias que finalmente<br>podr\u00e1n tener su vivienda propia y es realmente importante, ya que es el primer comit\u00e9 tan<br>numeroso que logra ser beneficiado en Puerto Williams\u2019\u2019. Adem\u00e1s, reconoci\u00f3 que, si bien el<br>proceso comenz\u00f3 en el a\u00f1o 2017, ha sido bastante \u2018\u2018expedito\u2019\u2019 y espera que, una vez pasado el<br>invierno, puedan iniciar la construcci\u00f3n.<br>Acerca de la instancia, Lizeth Barrientos, presidenta del comit\u00e9 de vivienda del proyecto<br>habitacional Altos de Cabo de Hornos, expres\u00f3 su alegr\u00eda al comentar: \u2018\u2018Llevamos siete a\u00f1os<br>esperando el sue\u00f1o de la casa propia en la comuna m\u00e1s austral de Chile, donde muchas veces las cosas cuestan el doble, donde muchas veces los tr\u00e1mites cuestan el doble gestionarlos\u2019\u2019.<br>Barrientos concluy\u00f3 agradeciendo tanto a la entidad patrocinante como al Consejo Regional por<br>haber aprobado el monto solicitado, que asciende a los M$5.321.777 de inversi\u00f3n.<br>En ese mismo tenor, el Consejero V\u00edctor P\u00e9rez, tambi\u00e9n representante de la misma provincia,<br>comparti\u00f3 su satisfacci\u00f3n por el avance hacia la instalaci\u00f3n de la primera piedra y la construcci\u00f3n<br>de las viviendas para las familias. Asimismo, agreg\u00f3: \u2018\u2018Espero que ahora no sean tan largas las<br>brechas desde la construcci\u00f3n de una poblaci\u00f3n a otra. La \u00faltima vez que se entregaron casas fue en el a\u00f1o 2014\u2019\u2019.<br>Cabe destacar, que los recursos adicionales del Gobierno Regional, formar\u00e1n parte de una adenda que se realizar\u00e1 al convenio de Programaci\u00f3n que existe entre el GORE \u2013 MINVU.<\/p>\n","protected":false},"excerpt":{"rendered":"<p>El pasado jueves, en el marco del aniversario de la comuna de Puerto Natales, el Consejo Regional aprob\u00f3 importantes iniciativas, entre las cuales se destaca el voto favorable para elcofinanciamiento&#8230; <a class=\"read-more\" href=\"https:\/\/www.radiopresidenteibanez.cl\/web\/dos-comunas-contaran-con-la-construccion-de-esperadas-soluciones-habitacionales\/\">Leer m\u00e1s<\/a><\/p>\n","protected":false},"author":2,"featured_media":48919,"comment_status":"closed","ping_status":"closed","sticky":false,"template":"","format":"standard","meta":{"footnotes":""},"categories":[1],"tags":[],"class_list":["post-48918","post","type-post","status-publish","format-standard","has-post-thumbnail","hentry","category-cronica"],"_links":{"self":[{"href":"https:\/\/www.radiopresidenteibanez.cl\/web\/wp-json\/wp\/v2\/posts\/48918","targetHints":{"allow":["GET"]}}],"collection":[{"href":"https:\/\/www.radiopresidenteibanez.cl\/web\/wp-json\/wp\/v2\/posts"}],"about":[{"href":"https:\/\/www.radiopresidenteibanez.cl\/web\/wp-json\/wp\/v2\/types\/post"}],"author":[{"embeddable":true,"href":"https:\/\/www.radiopresidenteibanez.cl\/web\/wp-json\/wp\/v2\/users\/2"}],"replies":[{"embeddable":true,"href":"https:\/\/www.radiopresidenteibanez.cl\/web\/wp-json\/wp\/v2\/comments?post=48918"}],"version-history":[{"count":0,"href":"https:\/\/www.radiopresidenteibanez.cl\/web\/wp-json\/wp\/v2\/posts\/48918\/revisions"}],"wp:featuredmedia":[{"embeddable":true,"href":"https:\/\/www.radiopresidenteibanez.cl\/web\/wp-json\/wp\/v2\/media\/48919"}],"wp:attachment":[{"href":"https:\/\/www.radiopresidenteibanez.cl\/web\/wp-json\/wp\/v2\/media?parent=48918"}],"wp:term":[{"taxonomy":"category","embeddable":true,"href":"https:\/\/www.radiopresidenteibanez.cl\/web\/wp-json\/wp\/v2\/categories?post=48918"},{"taxonomy":"post_tag","embeddable":true,"href":"https:\/\/www.radiopresidenteibanez.cl\/web\/wp-json\/wp\/v2\/tags?post=48918"}],"curies":[{"name":"wp","href":"https:\/\/api.w.org\/{rel}","templated":true}]}}