{"id":48883,"date":"2024-06-03T12:55:00","date_gmt":"2024-06-03T15:55:00","guid":{"rendered":"https:\/\/www.radiopresidenteibanez.cl\/web\/?p=48883"},"modified":"2024-06-03T11:54:58","modified_gmt":"2024-06-03T14:54:58","slug":"equipos-territoriales-se-capacitan-en-estrategias-para-la-inclusion-de-la-diversidad-sexual-y-de-genero","status":"publish","type":"post","link":"https:\/\/www.radiopresidenteibanez.cl\/web\/equipos-territoriales-se-capacitan-en-estrategias-para-la-inclusion-de-la-diversidad-sexual-y-de-genero\/","title":{"rendered":"EQUIPOS TERRITORIALES SE CAPACITAN EN \u00abESTRATEGIAS PARA LA INCLUSION DE LA DIVERSIDAD SEXUAL Y DE GENERO\u00bb"},"content":{"rendered":"\n<p>Con \u00e9xito se desarroll\u00f3 una importante instancia de formaci\u00f3n en \u00abEstrategias para la<br>Inclusi\u00f3n de la Diversidad Sexual y de G\u00e9nero\u00bb, llevada a cabo por la Corporaci\u00f3n<br>Liberando Colores.<br>Esta capacitaci\u00f3n, que se enmarca en los compromisos asumidos en la Agenda Regional de<br>G\u00e9nero 2022 &#8211; 2026, reuni\u00f3 a funcionarias y trabajadoras de los equipos territoriales de<br>SernamEG, Prodemu y funcionarias de la Seremi de la Mujer y la Equidad de G\u00e9nero,<br>quienes reafirmaron el compromiso con la promoci\u00f3n de entornos m\u00e1s inclusivos y<br>respetuosos de la diversidad sexual y de g\u00e9nero.<br>Durante el curso, las participantes tuvieron la oportunidad de explorar conceptos clave<br>relacionados con la diversidad sexual y de g\u00e9nero, as\u00ed como de compartir experiencias y<br>buenas pr\u00e1cticas para fomentar la igualdad y la no discriminaci\u00f3n en el \u00e1mbito laboral y<br>de atenci\u00f3n a la diversidad de mujeres.<br>\u00abEsta capacitaci\u00f3n ha sido una experiencia muy enriquecedora\u00bb, afirm\u00f3 Alejandra Ruiz<br>Ovando, Seremi de la Mujer y la Equidad de G\u00e9nero en la regi\u00f3n \u00abNos ha brindado m\u00e1s<br>herramientas necesarias para promover la inclusi\u00f3n y el respeto en nuestras atenciones,<br>en el entendido que trabajamos d\u00eda a d\u00eda por un Chile Para Todas y que ninguna quede<br>atr\u00e1s, teniendo en cuenta elementos tan b\u00e1sicos como lo son la atenci\u00f3n de las personas<br>de la diversidad sexual y de g\u00e9nero\u00bb.<br>La iniciativa, impulsada por esta Secretar\u00eda y Corporaci\u00f3n Liberando Colores, responde a la<br>necesidad de avanzar hacia atenciones donde todas las personas puedan desarrollarse<br>plenamente, sin temor a la discriminaci\u00f3n ni a la exclusi\u00f3n.<br>\u00abEsta actividad da comienzo al trabajo colaborativo que Liberando Colores realizar\u00e1 con la<br>Seremia de la Mujer y la Equidad de G\u00e9nero; fue una buena instancia para visibilizar y<br>problem\u00e1ticas las realidades y demandas del colectivo LGBTIQA+ en Punta Arenas, esta<br>actividad es importante ya que existe a\u00fan camino por recorrer en materia de inclusi\u00f3n y<br>las personas de los servicios son quienes atienden normalmente a los usuarios de manera<br>directa, por lo cual es importante que posean las herramientas para poder atender de<\/p>\n\n\n\n<p>manera integral a todos los usuarios, sin importar su orientaci\u00f3n sexual o identidad de<br>g\u00e9nero \u00bb se\u00f1al\u00f3 Rodrigo Llanos, presidente y directivo de administraci\u00f3n de la<br>corporaci\u00f3n.<br>La Corporaci\u00f3n Liberando Colores reafirma su compromiso de seguir trabajando<br>colaborativamente por la promoci\u00f3n de la inclusi\u00f3n de la diversidad sexual y de g\u00e9nero en<br>todos los \u00e1mbitos, en consonancia con los objetivos de la Agenda Regional de G\u00e9nero<br>2022 &#8211; 2026.<\/p>\n","protected":false},"excerpt":{"rendered":"<p>Con \u00e9xito se desarroll\u00f3 una importante instancia de formaci\u00f3n en \u00abEstrategias para laInclusi\u00f3n de la Diversidad Sexual y de G\u00e9nero\u00bb, llevada a cabo por la Corporaci\u00f3nLiberando Colores.Esta capacitaci\u00f3n, que se&#8230; <a class=\"read-more\" href=\"https:\/\/www.radiopresidenteibanez.cl\/web\/equipos-territoriales-se-capacitan-en-estrategias-para-la-inclusion-de-la-diversidad-sexual-y-de-genero\/\">Leer m\u00e1s<\/a><\/p>\n","protected":false},"author":2,"featured_media":48884,"comment_status":"closed","ping_status":"closed","sticky":false,"template":"","format":"standard","meta":{"footnotes":""},"categories":[1],"tags":[],"class_list":["post-48883","post","type-post","status-publish","format-standard","has-post-thumbnail","hentry","category-cronica"],"_links":{"self":[{"href":"https:\/\/www.radiopresidenteibanez.cl\/web\/wp-json\/wp\/v2\/posts\/48883","targetHints":{"allow":["GET"]}}],"collection":[{"href":"https:\/\/www.radiopresidenteibanez.cl\/web\/wp-json\/wp\/v2\/posts"}],"about":[{"href":"https:\/\/www.radiopresidenteibanez.cl\/web\/wp-json\/wp\/v2\/types\/post"}],"author":[{"embeddable":true,"href":"https:\/\/www.radiopresidenteibanez.cl\/web\/wp-json\/wp\/v2\/users\/2"}],"replies":[{"embeddable":true,"href":"https:\/\/www.radiopresidenteibanez.cl\/web\/wp-json\/wp\/v2\/comments?post=48883"}],"version-history":[{"count":0,"href":"https:\/\/www.radiopresidenteibanez.cl\/web\/wp-json\/wp\/v2\/posts\/48883\/revisions"}],"wp:featuredmedia":[{"embeddable":true,"href":"https:\/\/www.radiopresidenteibanez.cl\/web\/wp-json\/wp\/v2\/media\/48884"}],"wp:attachment":[{"href":"https:\/\/www.radiopresidenteibanez.cl\/web\/wp-json\/wp\/v2\/media?parent=48883"}],"wp:term":[{"taxonomy":"category","embeddable":true,"href":"https:\/\/www.radiopresidenteibanez.cl\/web\/wp-json\/wp\/v2\/categories?post=48883"},{"taxonomy":"post_tag","embeddable":true,"href":"https:\/\/www.radiopresidenteibanez.cl\/web\/wp-json\/wp\/v2\/tags?post=48883"}],"curies":[{"name":"wp","href":"https:\/\/api.w.org\/{rel}","templated":true}]}}