{"id":48877,"date":"2024-06-03T10:20:00","date_gmt":"2024-06-03T13:20:00","guid":{"rendered":"https:\/\/www.radiopresidenteibanez.cl\/web\/?p=48877"},"modified":"2024-06-03T09:08:13","modified_gmt":"2024-06-03T12:08:13","slug":"seremi-del-trabajo-es-ya-un-hecho-que-dejaremos-un-legado-de-nuevos-derechos-laborales","status":"publish","type":"post","link":"https:\/\/www.radiopresidenteibanez.cl\/web\/seremi-del-trabajo-es-ya-un-hecho-que-dejaremos-un-legado-de-nuevos-derechos-laborales\/","title":{"rendered":"SEREMI DEL TRABAJO: \u00abES YA UN HECHO QUE DEJAREMOS UN LEGADO DE NUEVOS DERECHOS LABORALES\u00bb"},"content":{"rendered":"\n<p>Como ya es habitual, el d\u00eda 1 de junio de cada a\u00f1o, el<br>Presidente Gabriel Boric se dirige a la naci\u00f3n para dar cuenta de su gesti\u00f3n. Tanto avances como<br>anuncios se dan cita en su discurso que pasa por todas las principales materias de inter\u00e9s de las y los chilenos.<br>Trabajo es una de ellas, por lo mismo, en el marco de la nueva Cuenta P\u00fablica Presidencial de este a\u00f1o 2024, la SEREMI del Trabajo y Previsi\u00f3n Social, Doris Sandoval Miranda -quien se reuni\u00f3 con sus pares del Gabinete Regional encabezado por el Delegado Presidencial de Magallanes, Jos\u00e9 Ruiz Pivcevic- se refiri\u00f3 al balance y novedades que dej\u00f3 esta jornada en materia laboral.<br>Entre los principales anuncios de la cuenta, la autoridad destac\u00f3 la noticia de un nuevo impulso al proyecto de ley de equidad salarial entre hombres y mujeres, a trav\u00e9s del ingreso de indicaciones, dentro del presente mes de junio, que permitan que las mujeres sean remuneradas en funci\u00f3n de sus m\u00e9ritos y no en funci\u00f3n de una discriminaci\u00f3n de g\u00e9nero. Es decir, \u201ca igual trabajo, igual paga\u201d, anunci\u00f3 el Presidente.<br>\u201cEs ya un hecho que vamos a dejar un legado de nuevos derechos laborales para las y los<br>trabajadores\/as. Cuando se expanden los derechos laborales, se expanden tambi\u00e9n las<br>condiciones para un mejor y pr\u00f3spero desarrollo productivo de nuestra regi\u00f3n y pa\u00eds\u201d, destac\u00f3 la<br>SEREMI, tras las palabras de la m\u00e1xima autoridad del pa\u00eds.<br>Asimismo, el segundo anuncio tiene relaci\u00f3n con un acuerdo con la Central Unitaria de<br>Trabajadores (CUT) a nivel nacional para iniciar un di\u00e1logo tripartito entre autoridades,<br>trabajadores y empresarios\/as que terminar\u00e1, hacia fines de este a\u00f1o, con la presentaci\u00f3n de un<br>proyecto de negociaci\u00f3n colectiva multinivel, solicitada por las organizaciones sindicales y que<br>permitir\u00eda ampliar el alcance de la negociaci\u00f3n colectiva actual, entregando as\u00ed mayores<br>herramientas y autonom\u00eda a los sindicatos y a los empleadores para enfrentar sus desaf\u00edos.<br>\u201cNo hay contradicci\u00f3n en mejorar las condiciones de los trabajadores, con la protecci\u00f3n del<br>empleo y el desarrollo; todo lo contrario: trabajadores y trabajadoras m\u00e1s plenas y felices, hacen<br>parte de comunidades que crecen. Por lo mismo, nos llena de alegr\u00eda el que podamos avanzar en nuestro gobierno, en el fortalecimiento de los derechos colectivos, con un proyecto de ley<br>negociaci\u00f3n colectiva multinivel\u201d, agreg\u00f3 Sandoval.<\/p>\n\n\n\n<p>Entre otras de las materias destacadas por el Presidente Boric en relaci\u00f3n con trabajo y familias<br>fue el acuerdo firmado con la CUT que, entre otros \u00e1mbitos, contempla reactivar el Bolsillo<br>Familiar Electr\u00f3nico durante los meses de invierno de este a\u00f1o.<br>Por \u00faltimo, en materia de pensiones, el Presidente fue enf\u00e1tico en la necesidad de avanzar en la<br>reforma impulsada por el Gobierno e hizo un llamado a todos los sectores pol\u00edticos a ponerse de<br>acuerdo en esta materia.<br>\u201cTenemos que ser capaces de mejorar las pensiones antes de que las personas mueran esperando por ello. Es posible ponernos de acuerdo en esta materia. Los invito con humildad a que nos pongamos en los zapatos de quienes no tienen hoy una pensi\u00f3n digna, porque los jubilados y jubiladas que nos est\u00e1n mirando no pueden seguir esperando\u201d, enfatiz\u00f3 en su discurso.<\/p>\n","protected":false},"excerpt":{"rendered":"<p>Como ya es habitual, el d\u00eda 1 de junio de cada a\u00f1o, elPresidente Gabriel Boric se dirige a la naci\u00f3n para dar cuenta de su gesti\u00f3n. Tanto avances comoanuncios se&#8230; <a class=\"read-more\" href=\"https:\/\/www.radiopresidenteibanez.cl\/web\/seremi-del-trabajo-es-ya-un-hecho-que-dejaremos-un-legado-de-nuevos-derechos-laborales\/\">Leer m\u00e1s<\/a><\/p>\n","protected":false},"author":2,"featured_media":48878,"comment_status":"closed","ping_status":"closed","sticky":false,"template":"","format":"standard","meta":{"footnotes":""},"categories":[1],"tags":[],"class_list":["post-48877","post","type-post","status-publish","format-standard","has-post-thumbnail","hentry","category-cronica"],"_links":{"self":[{"href":"https:\/\/www.radiopresidenteibanez.cl\/web\/wp-json\/wp\/v2\/posts\/48877","targetHints":{"allow":["GET"]}}],"collection":[{"href":"https:\/\/www.radiopresidenteibanez.cl\/web\/wp-json\/wp\/v2\/posts"}],"about":[{"href":"https:\/\/www.radiopresidenteibanez.cl\/web\/wp-json\/wp\/v2\/types\/post"}],"author":[{"embeddable":true,"href":"https:\/\/www.radiopresidenteibanez.cl\/web\/wp-json\/wp\/v2\/users\/2"}],"replies":[{"embeddable":true,"href":"https:\/\/www.radiopresidenteibanez.cl\/web\/wp-json\/wp\/v2\/comments?post=48877"}],"version-history":[{"count":0,"href":"https:\/\/www.radiopresidenteibanez.cl\/web\/wp-json\/wp\/v2\/posts\/48877\/revisions"}],"wp:featuredmedia":[{"embeddable":true,"href":"https:\/\/www.radiopresidenteibanez.cl\/web\/wp-json\/wp\/v2\/media\/48878"}],"wp:attachment":[{"href":"https:\/\/www.radiopresidenteibanez.cl\/web\/wp-json\/wp\/v2\/media?parent=48877"}],"wp:term":[{"taxonomy":"category","embeddable":true,"href":"https:\/\/www.radiopresidenteibanez.cl\/web\/wp-json\/wp\/v2\/categories?post=48877"},{"taxonomy":"post_tag","embeddable":true,"href":"https:\/\/www.radiopresidenteibanez.cl\/web\/wp-json\/wp\/v2\/tags?post=48877"}],"curies":[{"name":"wp","href":"https:\/\/api.w.org\/{rel}","templated":true}]}}