{"id":48817,"date":"2024-05-30T15:55:00","date_gmt":"2024-05-30T18:55:00","guid":{"rendered":"https:\/\/www.radiopresidenteibanez.cl\/web\/?p=48817"},"modified":"2024-05-30T11:52:41","modified_gmt":"2024-05-30T14:52:41","slug":"comunidad-de-mujeres-marinas-de-magallanes-se-reunio-en-puerto-natales","status":"publish","type":"post","link":"https:\/\/www.radiopresidenteibanez.cl\/web\/comunidad-de-mujeres-marinas-de-magallanes-se-reunio-en-puerto-natales\/","title":{"rendered":"COMUNIDAD DE MUJERES MARINAS DE MAGALLANES SE REUNI\u00d3 EN PUERTO NATALES"},"content":{"rendered":"\n<p>La Comunidad de Mujeres Marinas de Magallanes<br>comenz\u00f3 a gestarse en 2023, gracias al trabajo del Programa de Conservaci\u00f3n Marina de<br>WCS Chile. Hoy, cerca de 50 mujeres, de las cuatro provincias de la regi\u00f3n, conforman la<br>comunidad.<br>Este segundo encuentro presencial cont\u00f3 con la participaci\u00f3n de m\u00e1s de 20 mujeres del<br>mundo marino: pescadoras, cient\u00edficas, buzas, emprendedoras, entre otras. El objetivo<br>que persegu\u00eda esta instancia era principalmente construir la visi\u00f3n de la Comunidad de<br>Mujeres Marinas, para posteriormente desarrollar la agenda de este colectivo.<br>\u201cEsta iniciativa busca generar una red de mujeres interesadas y vinculadas al mar. Este<br>espacio, si bien nace de las actividades que realiza WCS Chile en la regi\u00f3n, esperamos<br>que se pueda mantener a largo plazo y se convierta en una instancia de colaboraci\u00f3n y<br>aprendizaje. Este a\u00f1o esperamos construir una agenda de actividades, con herramientas<br>y visiones de distintos sectores, que vaya en apoyo directo a esta comunidad\u201d, coment\u00f3<br>Daniela Droguett, coordinadora del Programa de Conservaci\u00f3n Marina de WCS Chile.<br>En el encuentro, la seremi de la Mujer y Equidad de G\u00e9nero de Magallanes, Alejandra<br>Ru\u00edz, expuso sobre avances legislativos y pol\u00edticas p\u00fablicas en materia de mujeres.<br>\u201cQuisimos entregar informaci\u00f3n sobre los instrumentos, pol\u00edticas p\u00fablicas y legislaciones,<br>que van en directo beneficio de las mujeres. Esta comunidad de mujeres tiene incidencia<br>en nuestra sociedad, por lo que es una gran instancia para hablar sobre estos temas y, de<br>esta manera, entre todas, ir mejorando nuestra calidad de vida\u201d, coment\u00f3 Alejandra Ru\u00edz.<br>Por otro lado, la directora Zonal de Pesca, Ximena Gallardo, entreg\u00f3 informaci\u00f3n general<br>sobre las pesquer\u00edas de la regi\u00f3n, el rol de la mujer en la actividad artesanal, las normas<br>de g\u00e9nero que incorpora el proyecto de ley de pesca en tramitaci\u00f3n y, por supuesto, hizo<br>una menci\u00f3n especial a la Ley 21.370, que promueve la equidad de g\u00e9nero en el sector<br>pesquero y acu\u00edcola. \u00abEs importante, que las mujeres del sector sean visibilizadas y que la<br>comunidad sepa que juegan un rol fundamental en la actividad artesanal y en la regi\u00f3n. La<br>pesca artesanal es parte de nuestro identitario cultural y territorial, donde la mujer siempre<br>ha estado presente en toda la cadena de labores asociadas a esta actividad, por lo tanto,<br>es importante que eduquemos y fortalezcamos sus derechos en cuanto a g\u00e9nero y<br>pesca\u00bb, destac\u00f3 Ximena Gallardo.<br>La comunidad se reunir\u00e1 nuevamente, de manera virtual, el 19 de junio, para continuar<br>visibilizando el rol de la mujer en el maritorio.<\/p>\n","protected":false},"excerpt":{"rendered":"<p>La Comunidad de Mujeres Marinas de Magallanescomenz\u00f3 a gestarse en 2023, gracias al trabajo del Programa de Conservaci\u00f3n Marina deWCS Chile. Hoy, cerca de 50 mujeres, de las cuatro provincias&#8230; <a class=\"read-more\" href=\"https:\/\/www.radiopresidenteibanez.cl\/web\/comunidad-de-mujeres-marinas-de-magallanes-se-reunio-en-puerto-natales\/\">Leer m\u00e1s<\/a><\/p>\n","protected":false},"author":2,"featured_media":48818,"comment_status":"closed","ping_status":"closed","sticky":false,"template":"","format":"standard","meta":{"footnotes":""},"categories":[1],"tags":[],"class_list":["post-48817","post","type-post","status-publish","format-standard","has-post-thumbnail","hentry","category-cronica"],"_links":{"self":[{"href":"https:\/\/www.radiopresidenteibanez.cl\/web\/wp-json\/wp\/v2\/posts\/48817","targetHints":{"allow":["GET"]}}],"collection":[{"href":"https:\/\/www.radiopresidenteibanez.cl\/web\/wp-json\/wp\/v2\/posts"}],"about":[{"href":"https:\/\/www.radiopresidenteibanez.cl\/web\/wp-json\/wp\/v2\/types\/post"}],"author":[{"embeddable":true,"href":"https:\/\/www.radiopresidenteibanez.cl\/web\/wp-json\/wp\/v2\/users\/2"}],"replies":[{"embeddable":true,"href":"https:\/\/www.radiopresidenteibanez.cl\/web\/wp-json\/wp\/v2\/comments?post=48817"}],"version-history":[{"count":0,"href":"https:\/\/www.radiopresidenteibanez.cl\/web\/wp-json\/wp\/v2\/posts\/48817\/revisions"}],"wp:featuredmedia":[{"embeddable":true,"href":"https:\/\/www.radiopresidenteibanez.cl\/web\/wp-json\/wp\/v2\/media\/48818"}],"wp:attachment":[{"href":"https:\/\/www.radiopresidenteibanez.cl\/web\/wp-json\/wp\/v2\/media?parent=48817"}],"wp:term":[{"taxonomy":"category","embeddable":true,"href":"https:\/\/www.radiopresidenteibanez.cl\/web\/wp-json\/wp\/v2\/categories?post=48817"},{"taxonomy":"post_tag","embeddable":true,"href":"https:\/\/www.radiopresidenteibanez.cl\/web\/wp-json\/wp\/v2\/tags?post=48817"}],"curies":[{"name":"wp","href":"https:\/\/api.w.org\/{rel}","templated":true}]}}