{"id":48814,"date":"2024-05-30T14:47:00","date_gmt":"2024-05-30T17:47:00","guid":{"rendered":"https:\/\/www.radiopresidenteibanez.cl\/web\/?p=48814"},"modified":"2024-05-30T10:15:51","modified_gmt":"2024-05-30T13:15:51","slug":"mesa-de-educacion-tp-h2v-sesiono-por-septima-vez-en-magallanes","status":"publish","type":"post","link":"https:\/\/www.radiopresidenteibanez.cl\/web\/mesa-de-educacion-tp-h2v-sesiono-por-septima-vez-en-magallanes\/","title":{"rendered":"MESA DE EDUCACION TP-H2V SESIONO POR SEPTIMA VEZ EN MAGALLANES"},"content":{"rendered":"\n<p>La ma\u00f1ana de este martes sesion\u00f3 por s\u00e9ptima vez en Punta Arenas la Mesa de Educaci\u00f3n<br>T\u00e9cnica Profesional para la instalaci\u00f3n de la Industria del Hidr\u00f3geno Verde en Magallanes<br>(Mesa TP-H2V). Se espera que en un mes concluyan las reuniones de trabajo y se inicie el<br>proceso de creaci\u00f3n de un pre informe que d\u00e9 cuenta de las conclusiones a las que se llegaron<br>con el trabajo intersectorial.<br>Es propio se\u00f1alar que la creaci\u00f3n de la mesa, por parte del Gobierno Regional y que dirige el<br>CFT de Magallanes, ten\u00eda como principal prop\u00f3sito reunir al sector acad\u00e9mico, a la industrial, a<br>los gremios y en general a los diferentes organismos involucrados en la llegada del sector<br>productivo del hidr\u00f3geno verde a la regi\u00f3n, a fin de preparar desde ya oferta curricular ad hoc<br>a las necesidades de esa nueva veta econ\u00f3mica para el territorio.<br>De ah\u00ed la importancia del trabajo que han venido sosteniendo los diversos participantes. Al<br>respecto, se refiri\u00f3 Karina Toledo, secretaria ejecutiva de la Mesa: \u201cLo que hoy se realiz\u00f3 fue<br>un an\u00e1lisis de las rutas formativas laborales en base de los Marcos de Cualificaciones que nos<br>entrega el Ministerio de Educaci\u00f3n en conjunto al Ministerio de Energ\u00eda, las cuales que se<br>elaboraron en la sesi\u00f3n anterior que estaban ligadas a Log\u00edstica, Energ\u00eda y tambi\u00e9n Tecnolog\u00edas<br>de la Informaci\u00f3n y la Comunicaci\u00f3n, siendo desarrolladas con la oferta formativa que se<br>encuentra en la regi\u00f3n de Magallanes y se trataron tambi\u00e9n las \u00e1reas de reconversi\u00f3n laboral<br>que est\u00e1n centradas netamente al desarrollo de competencia y habilidades de \u2018talento verde\u2019<br>para dar respuesta a la industria\u201d.<br>Por su parte, Daniela Torres, directora regional de la ONG Canales, valor\u00f3 los avances logrados<br>en la materia: \u201cLa verdad creo que el trabajo que se ha hecho en la mesa ha sido excelente, el<br>que haya sido continuo y bien seguido en el tiempo nos ha permitido ir haciendo un an\u00e1lisis<br>bien profundo de toda la cadena de valor de hidrogeno verde y de todas las especialidades<br>profesionales que van a estar involucrados en este tema, y lo mejor de todo fue ver como nos<br>pudimos articular todas las instituciones\u201d.<br>Quien destac\u00f3 el trabajo del organismo fue V\u00edctor Illanes, representante de Sofofa que<br>particip\u00f3 en esta sesi\u00f3n, el que afirm\u00f3: \u201cMe parece espectacular que vayamos avanzando en<br>uno de los d\u00e9ficits que quiz\u00e1s hist\u00f3ricamente existe, que es cada uno trata de avanzar por su<br>lado y eso hace que haya triple o cu\u00e1druple esfuerzos, cuando si nos juntamos y nos reunimos<br>podemos ver como convergemos, como aportamos desde nuestras especialidades el trabajo<br>puede ser mucho m\u00e1s eficiente\u201d.<br>Finalmente, el profesional inst\u00f3 a que el trabajo colaborativo que se ha logrado rinda fruto a<br>trav\u00e9s de la creaci\u00f3n de una hoja de ruta interna para ir viendo y evaluando los proyectos que<br>se est\u00e1n generando y para ir evaluando en conjunto cuales son los requerimientos. \u201cSi hay una<br>hoja de ruta que permita esa revisi\u00f3n permanente ya ser\u00e1 un muy buen producto final\u201d.<\/p>\n","protected":false},"excerpt":{"rendered":"<p>La ma\u00f1ana de este martes sesion\u00f3 por s\u00e9ptima vez en Punta Arenas la Mesa de Educaci\u00f3nT\u00e9cnica Profesional para la instalaci\u00f3n de la Industria del Hidr\u00f3geno Verde en Magallanes(Mesa TP-H2V). Se&#8230; <a class=\"read-more\" href=\"https:\/\/www.radiopresidenteibanez.cl\/web\/mesa-de-educacion-tp-h2v-sesiono-por-septima-vez-en-magallanes\/\">Leer m\u00e1s<\/a><\/p>\n","protected":false},"author":2,"featured_media":48815,"comment_status":"closed","ping_status":"closed","sticky":false,"template":"","format":"standard","meta":{"footnotes":""},"categories":[1],"tags":[],"class_list":["post-48814","post","type-post","status-publish","format-standard","has-post-thumbnail","hentry","category-cronica"],"_links":{"self":[{"href":"https:\/\/www.radiopresidenteibanez.cl\/web\/wp-json\/wp\/v2\/posts\/48814","targetHints":{"allow":["GET"]}}],"collection":[{"href":"https:\/\/www.radiopresidenteibanez.cl\/web\/wp-json\/wp\/v2\/posts"}],"about":[{"href":"https:\/\/www.radiopresidenteibanez.cl\/web\/wp-json\/wp\/v2\/types\/post"}],"author":[{"embeddable":true,"href":"https:\/\/www.radiopresidenteibanez.cl\/web\/wp-json\/wp\/v2\/users\/2"}],"replies":[{"embeddable":true,"href":"https:\/\/www.radiopresidenteibanez.cl\/web\/wp-json\/wp\/v2\/comments?post=48814"}],"version-history":[{"count":0,"href":"https:\/\/www.radiopresidenteibanez.cl\/web\/wp-json\/wp\/v2\/posts\/48814\/revisions"}],"wp:featuredmedia":[{"embeddable":true,"href":"https:\/\/www.radiopresidenteibanez.cl\/web\/wp-json\/wp\/v2\/media\/48815"}],"wp:attachment":[{"href":"https:\/\/www.radiopresidenteibanez.cl\/web\/wp-json\/wp\/v2\/media?parent=48814"}],"wp:term":[{"taxonomy":"category","embeddable":true,"href":"https:\/\/www.radiopresidenteibanez.cl\/web\/wp-json\/wp\/v2\/categories?post=48814"},{"taxonomy":"post_tag","embeddable":true,"href":"https:\/\/www.radiopresidenteibanez.cl\/web\/wp-json\/wp\/v2\/tags?post=48814"}],"curies":[{"name":"wp","href":"https:\/\/api.w.org\/{rel}","templated":true}]}}