{"id":48810,"date":"2024-05-30T13:13:00","date_gmt":"2024-05-30T16:13:00","guid":{"rendered":"https:\/\/www.radiopresidenteibanez.cl\/web\/?p=48810"},"modified":"2024-05-30T10:09:44","modified_gmt":"2024-05-30T13:09:44","slug":"llaman-a-informarse-sobre-uso-de-vacaciones-preferentes-de-la-ley-de-conciliacion","status":"publish","type":"post","link":"https:\/\/www.radiopresidenteibanez.cl\/web\/llaman-a-informarse-sobre-uso-de-vacaciones-preferentes-de-la-ley-de-conciliacion\/","title":{"rendered":"LLAMAN A INFORMARSE SOBRE USO DE VACACIONES PREFERENTES DE LA LEY DE CONCILIACION"},"content":{"rendered":"\n<p>En el marco de la ley de conciliaci\u00f3n de la vida personal, familiar y laboral vigente desde el pasado 29 de enero de este a\u00f1o, las autoridades del Trabajo y de Educaci\u00f3n de la regi\u00f3n de Magallanes recordaron a todos aquellos padres, madres y cuidadores de ni\u00f1os y ni\u00f1as menores de 14 a\u00f1os que tienen derecho a solicitar, de manera preferencial, el uso de feriado legal a su empleador\/a ante la cercan\u00eda de las pr\u00f3ximas vacaciones de invierno.<br>Una de las materias m\u00e1s relevantes de trae esta normativa es esta indicaci\u00f3n que consiste en que el empleador deber\u00e1 dar preferencia, al otorgar el feriado legal durante los per\u00edodos de vacaciones fijados por el Ministerio de Educaci\u00f3n, a las personas que determina la ley.<br>Considerando lo anterior, el SEREMI de Educaci\u00f3n, Valent\u00edn Aguilera G\u00f3mez, indic\u00f3 que \u201cel<br>calendario escolar se\u00f1ala que las vacaciones en la regi\u00f3n de Magallanes corresponden a las fechas comprendidas entre el 1 y el 21 de julio. Regresamos con las actividades curriculares para el segundo semestre en todo el sistema escolar, el d\u00eda 22. Hay casos particulares en donde cambia el calendario y en estos, ya el establecimiento ha informado a las familias, pero en lo general, las vacaciones son entre el 1 y el 21 de julio en toda la regi\u00f3n\u201d.<br>Este derecho, seg\u00fan contempla la ley, puede ser utilizado por la madre y por el padre, incluso por ambos a la vez, ya que uno de los objetivos de la norma es avanzar en la corresponsabilidad<br>parental en las familias.<br>Al respecto, la SEREMI del Trabajo, Doris Sandoval Miranda, explic\u00f3 que \u201cla ley contempl\u00f3 un<br>mecanismo para otorgar de manera preferente vacaciones a los trabajadores y trabajadoras de<br>todo el pa\u00eds para lo cual, con 30 d\u00edas de anticipaci\u00f3n, desde el inicio del feriado invernal, los<br>trabajadores y trabajadoras deben presentar la solicitud de uso preferente de estas vacaciones,<br>acompa\u00f1ando para aquello, por ejemplo, el certificado de nacimiento del ni\u00f1o o la ni\u00f1a de hasta<br>14 a\u00f1os\u201d.<br>Asimismo, la ley otorga este derecho a quienes tengan el cuidado personal de alguna ni\u00f1a o ni\u00f1o menor de 14 a\u00f1os, o bien, cuiden, de forma no remunerada, a personas en situaci\u00f3n de<br>discapacidad o con dependencia severa o moderada, menores de 18 a\u00f1os. Estos deber\u00e1n presentar la resoluci\u00f3n judicial que otorgue el cuidado personal o el certificado de nacimiento del ni\u00f1o\/a con anotaci\u00f3n de la resoluci\u00f3n, en el primer caso. Y en el segundo, un certificado de<br>inscripci\u00f3n en el Registro Nacional de discapacidad, o bien, un documento emitido por el<br>Ministerio de Desarrollo Social que consiste en un certificado y\/o credencial de persona cuidadora.<br>\u201cEntonces, el recordatorio es para los trabajadores y trabajadoras de la regi\u00f3n de Magallanes,<br>adscritos al c\u00f3digo del trabajo que presenten con 30 d\u00edas de anticipaci\u00f3n a la fecha que ha<br>se\u00f1alado el SEREMI de Educaci\u00f3n sus solicitudes a sus respectivos empleadores. Hagamos buen<br>uso de este mecanismo que ha contemplado la ley de conciliaci\u00f3n de la vida laboral, familiar y<br>personal\u201d, recalc\u00f3 Sandoval.<br>En caso de que la o el empleador se niegue a otorgar este derecho sin justificaci\u00f3n, el llamado es a realizar la respectiva denuncia en la Inspecci\u00f3n del Trabajo correspondiente.<\/p>\n","protected":false},"excerpt":{"rendered":"<p>En el marco de la ley de conciliaci\u00f3n de la vida personal, familiar y laboral vigente desde el pasado 29 de enero de este a\u00f1o, las autoridades del Trabajo y&#8230; <a class=\"read-more\" href=\"https:\/\/www.radiopresidenteibanez.cl\/web\/llaman-a-informarse-sobre-uso-de-vacaciones-preferentes-de-la-ley-de-conciliacion\/\">Leer m\u00e1s<\/a><\/p>\n","protected":false},"author":2,"featured_media":48812,"comment_status":"closed","ping_status":"closed","sticky":false,"template":"","format":"standard","meta":{"footnotes":""},"categories":[1],"tags":[],"class_list":["post-48810","post","type-post","status-publish","format-standard","has-post-thumbnail","hentry","category-cronica"],"_links":{"self":[{"href":"https:\/\/www.radiopresidenteibanez.cl\/web\/wp-json\/wp\/v2\/posts\/48810","targetHints":{"allow":["GET"]}}],"collection":[{"href":"https:\/\/www.radiopresidenteibanez.cl\/web\/wp-json\/wp\/v2\/posts"}],"about":[{"href":"https:\/\/www.radiopresidenteibanez.cl\/web\/wp-json\/wp\/v2\/types\/post"}],"author":[{"embeddable":true,"href":"https:\/\/www.radiopresidenteibanez.cl\/web\/wp-json\/wp\/v2\/users\/2"}],"replies":[{"embeddable":true,"href":"https:\/\/www.radiopresidenteibanez.cl\/web\/wp-json\/wp\/v2\/comments?post=48810"}],"version-history":[{"count":0,"href":"https:\/\/www.radiopresidenteibanez.cl\/web\/wp-json\/wp\/v2\/posts\/48810\/revisions"}],"wp:featuredmedia":[{"embeddable":true,"href":"https:\/\/www.radiopresidenteibanez.cl\/web\/wp-json\/wp\/v2\/media\/48812"}],"wp:attachment":[{"href":"https:\/\/www.radiopresidenteibanez.cl\/web\/wp-json\/wp\/v2\/media?parent=48810"}],"wp:term":[{"taxonomy":"category","embeddable":true,"href":"https:\/\/www.radiopresidenteibanez.cl\/web\/wp-json\/wp\/v2\/categories?post=48810"},{"taxonomy":"post_tag","embeddable":true,"href":"https:\/\/www.radiopresidenteibanez.cl\/web\/wp-json\/wp\/v2\/tags?post=48810"}],"curies":[{"name":"wp","href":"https:\/\/api.w.org\/{rel}","templated":true}]}}