{"id":48807,"date":"2024-05-30T11:47:00","date_gmt":"2024-05-30T14:47:00","guid":{"rendered":"https:\/\/www.radiopresidenteibanez.cl\/web\/?p=48807"},"modified":"2024-05-30T09:49:14","modified_gmt":"2024-05-30T12:49:14","slug":"gobierno-asegura-continuidad-de-eleam-en-puerto-natales-garantizando-el-bienestar-de-las-personas-mayores","status":"publish","type":"post","link":"https:\/\/www.radiopresidenteibanez.cl\/web\/gobierno-asegura-continuidad-de-eleam-en-puerto-natales-garantizando-el-bienestar-de-las-personas-mayores\/","title":{"rendered":"GOBIERNO ASEGURA CONTINUIDAD DE ELEAM EN PUERTO NATALES GARANTIZANDO EL BIENESTAR DE LAS PERSONAS MAYORES"},"content":{"rendered":"\n<p>En un esfuerzo por asegurar el bienestar de las personas mayores, el Gobierno de Chile, a trav\u00e9s del Servicio Nacional del Adulto Mayor (SENAMA), tom\u00f3 las medidas necesarias para evitar el cierre del Establecimiento de Larga Estad\u00eda para Adultos Mayores (ELEAM) de CONAPRAN en Puerto Natales. Esta acci\u00f3n refleja el compromiso del gobierno del presidente Gabriel Boric con la calidad de vida de las personas mayores y con la implementaci\u00f3n del Sistema Nacional e Integral de Cuidados, Chile Cuida, valor\u00f3 el delegado presidencial regional, Jos\u00e9 Ruiz Pivcevic.<\/p>\n\n\n\n<p>Ante la necesidad de asegurar la continuidad de los cuidados para los 14 residentes del ELEAM, SENAMA actu\u00f3 r\u00e1pidamente para encontrar una soluci\u00f3n. En un acuerdo colaborativo, CONAPRAN decidi\u00f3 entregar el ELEAM en comodato a SENAMA, instituci\u00f3n que se coordin\u00f3 con la Ilustre Municipalidad de Natales para su operaci\u00f3n. Este esfuerzo conjunto garantizar\u00e1 que los residentes no tengan que buscar un nuevo hogar de manera abrupta.<\/p>\n\n\n\n<p>La alcaldesa de Natales, Antonieta Oyarzo Alvarado, junto con el coordinador de SENAMA en Magallanes, Nicol\u00e1s Soto, y los equipos t\u00e9cnicos visitaron el hogar Nuevo Atardecer. Durante la visita, recorrieron las instalaciones y se reunieron con el personal.<\/p>\n\n\n\n<p>En la ocasi\u00f3n, la alcaldesa anunci\u00f3 que que desde el 1 de junio se har\u00e1n cargo de la administraci\u00f3n y funcionamiento del hogar. \u201cQueremos dar tranquilidad a las familias y los residentes porque este convenio que llevamos adelante con SENAMA asegura el cuidado y protecci\u00f3n de nuestros adultos mayores\u201d, precis\u00f3.<\/p>\n\n\n\n<p>Claudia Asmad Palomo, Directora Nacional de SENAMA, declar\u00f3: \u201cActivamos la red local y hoy, en un esfuerzo conjunto, le daremos continuidad a los cuidados de las personas mayores del establecimiento, mejorando la calidad de vida de quienes hoy residen en \u00e9l. SENAMA se hace cargo del bienestar de las personas mayores del pa\u00eds, y esta acci\u00f3n concreta es una muestra de nuestra dedicaci\u00f3n y esfuerzo por mejorar sus condiciones de vida e impulsar un envejecimiento digno, activo y saludable\u201d.<\/p>\n\n\n\n<p>Con este acuerdo, se garantiza que el ELEAM mantendr\u00e1 su operaci\u00f3n y continuar\u00e1 ofreciendo los cuidados necesarios a sus residentes, integrando un enfoque de mejora continua en la calidad de los servicios prestados.<\/p>\n\n\n\n<p>A su vez destac\u00f3 que Chile Cuida, como parte de las pol\u00edticas de protecci\u00f3n social, considera el cuidado un aspecto esencial para la construcci\u00f3n del bienestar en la sociedad. Esta iniciativa articula una red integral que incluye medidas para fortalecer y ampliar la oferta del Estado destinada a las personas que requieren cuidados, as\u00ed como a sus cuidadoras y cuidadores.<\/p>\n","protected":false},"excerpt":{"rendered":"<p>En un esfuerzo por asegurar el bienestar de las personas mayores, el Gobierno de Chile, a trav\u00e9s del Servicio Nacional del Adulto Mayor (SENAMA), tom\u00f3 las medidas necesarias para evitar&#8230; <a class=\"read-more\" href=\"https:\/\/www.radiopresidenteibanez.cl\/web\/gobierno-asegura-continuidad-de-eleam-en-puerto-natales-garantizando-el-bienestar-de-las-personas-mayores\/\">Leer m\u00e1s<\/a><\/p>\n","protected":false},"author":2,"featured_media":48808,"comment_status":"closed","ping_status":"closed","sticky":false,"template":"","format":"standard","meta":{"footnotes":""},"categories":[1],"tags":[],"class_list":["post-48807","post","type-post","status-publish","format-standard","has-post-thumbnail","hentry","category-cronica"],"_links":{"self":[{"href":"https:\/\/www.radiopresidenteibanez.cl\/web\/wp-json\/wp\/v2\/posts\/48807","targetHints":{"allow":["GET"]}}],"collection":[{"href":"https:\/\/www.radiopresidenteibanez.cl\/web\/wp-json\/wp\/v2\/posts"}],"about":[{"href":"https:\/\/www.radiopresidenteibanez.cl\/web\/wp-json\/wp\/v2\/types\/post"}],"author":[{"embeddable":true,"href":"https:\/\/www.radiopresidenteibanez.cl\/web\/wp-json\/wp\/v2\/users\/2"}],"replies":[{"embeddable":true,"href":"https:\/\/www.radiopresidenteibanez.cl\/web\/wp-json\/wp\/v2\/comments?post=48807"}],"version-history":[{"count":0,"href":"https:\/\/www.radiopresidenteibanez.cl\/web\/wp-json\/wp\/v2\/posts\/48807\/revisions"}],"wp:featuredmedia":[{"embeddable":true,"href":"https:\/\/www.radiopresidenteibanez.cl\/web\/wp-json\/wp\/v2\/media\/48808"}],"wp:attachment":[{"href":"https:\/\/www.radiopresidenteibanez.cl\/web\/wp-json\/wp\/v2\/media?parent=48807"}],"wp:term":[{"taxonomy":"category","embeddable":true,"href":"https:\/\/www.radiopresidenteibanez.cl\/web\/wp-json\/wp\/v2\/categories?post=48807"},{"taxonomy":"post_tag","embeddable":true,"href":"https:\/\/www.radiopresidenteibanez.cl\/web\/wp-json\/wp\/v2\/tags?post=48807"}],"curies":[{"name":"wp","href":"https:\/\/api.w.org\/{rel}","templated":true}]}}