{"id":48804,"date":"2024-05-30T10:26:00","date_gmt":"2024-05-30T13:26:00","guid":{"rendered":"https:\/\/www.radiopresidenteibanez.cl\/web\/?p=48804"},"modified":"2024-05-30T08:44:16","modified_gmt":"2024-05-30T11:44:16","slug":"y-antes-del-amanecer-la-vida-le-han-de-quitar-porque-mato-a-su-mujer-y-un-amigo-desleal-canta-joan-baez","status":"publish","type":"post","link":"https:\/\/www.radiopresidenteibanez.cl\/web\/y-antes-del-amanecer-la-vida-le-han-de-quitar-porque-mato-a-su-mujer-y-un-amigo-desleal-canta-joan-baez\/","title":{"rendered":"Y antes del amanecer la vida le han de quitar porque mat\u00f3 a su mujer y un amigo desleal ..\u00bb canta Joan Baez"},"content":{"rendered":"\n<p>En un encuentro sindical se escucharon duras cr\u00edticas contra un dirigente de la CUT que durante el acto del primero de mayo reci\u00e9n pasado, muy diligentemente llam\u00f3 la atenci\u00f3n por las altas cargas de trabajo y las bajas remuneraciones de carabineros entre otras cosas que expuso, al mismo tiempo que reclama un ingreso m\u00ednimo de $ 640.000 mensuales.<br>Ciertamente el dirigente debe ver grandes diferencias entre las necesidades de un asalariado y la labor de un carabinero como para hacer el planteamiento que hizo, pero ser\u00eda bueno que con la misma fuerza reclamara igual r\u00e9gimen previsional y garant\u00edas de vivienda y salud, por citar solo algunos de los problemas de un obrero que no afectan de la misma manera al personal uniformado.<\/p>\n\n\n\n<p>2.- No es que los carabineros no merezcan lo que tienen, el problema es que no pueden seguir siendo los trabajadores privados de tanta cosa y que nadie llame la atenci\u00f3n por ello.<br>No se vio gran reacci\u00f3n de autoridades, parlamentarios y dirigentes ante el desgraciado deceso de la trabajadora Cintia Caceres del Hotel Radisson, que perdi\u00f3 la vida por la ca\u00edda de un montacargas mientras cumpl\u00eda su jornada de trabajo.<br>Los medios solo informaron un d\u00eda, se espera el resultado de las fiscalizaciones, pero no hubo visita presidencial ni ministerial a la familia, ni anuncio de pensi\u00f3n de gracia, ni apoyo para sus hijos peque\u00f1os. Es m\u00e1s, la ley no ordena el pago de indemnizaci\u00f3n por a\u00f1os de servicio en caso de muerte.<br>Asi de duro es el presente de todo trabajador que fallece.<br>A nadie le importa, ni siquiera a sus pares que hablan de cualquier cosa menos de las cosas m\u00e1s urgentes que les afligen. Contra esto deberemos luchar permanentemente, no hay otro camino para la dignificaci\u00f3n.<\/p>\n","protected":false},"excerpt":{"rendered":"<p>En un encuentro sindical se escucharon duras cr\u00edticas contra un dirigente de la CUT que durante el acto del primero de mayo reci\u00e9n pasado, muy diligentemente llam\u00f3 la atenci\u00f3n por&#8230; <a class=\"read-more\" href=\"https:\/\/www.radiopresidenteibanez.cl\/web\/y-antes-del-amanecer-la-vida-le-han-de-quitar-porque-mato-a-su-mujer-y-un-amigo-desleal-canta-joan-baez\/\">Leer m\u00e1s<\/a><\/p>\n","protected":false},"author":2,"featured_media":48805,"comment_status":"closed","ping_status":"closed","sticky":false,"template":"","format":"standard","meta":{"footnotes":""},"categories":[1],"tags":[],"class_list":["post-48804","post","type-post","status-publish","format-standard","has-post-thumbnail","hentry","category-cronica"],"_links":{"self":[{"href":"https:\/\/www.radiopresidenteibanez.cl\/web\/wp-json\/wp\/v2\/posts\/48804","targetHints":{"allow":["GET"]}}],"collection":[{"href":"https:\/\/www.radiopresidenteibanez.cl\/web\/wp-json\/wp\/v2\/posts"}],"about":[{"href":"https:\/\/www.radiopresidenteibanez.cl\/web\/wp-json\/wp\/v2\/types\/post"}],"author":[{"embeddable":true,"href":"https:\/\/www.radiopresidenteibanez.cl\/web\/wp-json\/wp\/v2\/users\/2"}],"replies":[{"embeddable":true,"href":"https:\/\/www.radiopresidenteibanez.cl\/web\/wp-json\/wp\/v2\/comments?post=48804"}],"version-history":[{"count":0,"href":"https:\/\/www.radiopresidenteibanez.cl\/web\/wp-json\/wp\/v2\/posts\/48804\/revisions"}],"wp:featuredmedia":[{"embeddable":true,"href":"https:\/\/www.radiopresidenteibanez.cl\/web\/wp-json\/wp\/v2\/media\/48805"}],"wp:attachment":[{"href":"https:\/\/www.radiopresidenteibanez.cl\/web\/wp-json\/wp\/v2\/media?parent=48804"}],"wp:term":[{"taxonomy":"category","embeddable":true,"href":"https:\/\/www.radiopresidenteibanez.cl\/web\/wp-json\/wp\/v2\/categories?post=48804"},{"taxonomy":"post_tag","embeddable":true,"href":"https:\/\/www.radiopresidenteibanez.cl\/web\/wp-json\/wp\/v2\/tags?post=48804"}],"curies":[{"name":"wp","href":"https:\/\/api.w.org\/{rel}","templated":true}]}}